{"id":8976,"date":"2025-04-11T09:40:26","date_gmt":"2025-04-11T07:40:26","guid":{"rendered":"https:\/\/esportsmunicipalsalzira.com\/alejandro-martinez-en-el-campeonato-de-espana-de-karateorgullo-para-el-karate-alzireno-alejandro-martinez-deporti\/"},"modified":"2025-04-11T09:40:26","modified_gmt":"2025-04-11T07:40:26","slug":"alejandro-martinez-en-el-campeonato-de-espana-de-karateorgullo-para-el-karate-alzireno-alejandro-martinez-deporti","status":"publish","type":"post","link":"https:\/\/esportsmunicipalsalzira.com\/es\/alejandro-martinez-en-el-campeonato-de-espana-de-karateorgullo-para-el-karate-alzireno-alejandro-martinez-deporti\/","title":{"rendered":"ALEJANDRO MART\u00cdNEZ EN EL CAMPEONATO DE ESPA\u00d1A DE KARATE \u00a1Orgullo para el Karate Alzire\u00f1o! Alejandro Mart\u00ednez, deporte"},"content":{"rendered":"<p><br \/>\n\ud83c\uddea\ud83c\uddf8ALEJANDRO MART\u00cdNEZ EN EL CAMPEONATO DE ESPA\u00d1A DE KARATE\ud83c\uddea\ud83c\uddf8<\/p>\n<p>\u00a1Orgullo para el Karate Alzire\u00f1o! <\/p>\n<p>Alejandro Mart\u00ednez, deportista del Club Karate Alzira, representar\u00e1 a la Comunidad Valenciana junto a expedici\u00f3n de la FKCV en el Campeonato de Espa\u00f1a Infantil de Karate este fin de semana en Logro\u00f1o.<\/p>\n<p>Alejandro, estamos seguros de que con tu pasi\u00f3n por el k\u00e1rate te dejar\u00e1s el alma en el tatami y har\u00e1s que todos nos sintamos m\u00e1s orgullosos de ti y te disfrutemos como el campe\u00f3n que eres! <\/p>\n<p>Tus compa\u00f1eros y profes, estar\u00e1n ah\u00ed anim\u00e1ndote y apoyandote.<\/p>\n<p>Suerte Campe\u00f3n \ud83d\udcaa<\/p>\n<p><a href=\"https:\/\/esportsmunicipalsalzira.com\/wp-content\/uploads\/2025\/04\/490288539_966757822111418_5264466844428100887_n.jpg\"><img decoding=\"async\" class=\"wp_automatic_fb_img\" title=\"\" src=\"https:\/\/esportsmunicipalsalzira.com\/wp-content\/uploads\/2025\/04\/490288539_966757822111418_5264466844428100887_n.jpg\" \/><\/a><br \/>\n<br \/>\n<br \/><a href=\"https:\/\/www.facebook.com\/100063537194811\/posts\/1249475297180365\">source<\/a>  <\/p>","protected":false},"excerpt":{"rendered":"<p>\ud83c\uddea\ud83c\uddf8ALEJANDRO MART\u00cdNEZ EN EL CAMPEONATO DE ESPA\u00d1A DE KARATE\ud83c\uddea\ud83c\uddf8 \u00a1Orgullo para el Karate Alzire\u00f1o! Alejandro Mart\u00ednez, deportista del Club Karate Alzira, representar\u00e1 a la Comunidad Valenciana junto a expedici\u00f3n de la FKCV en el Campeonato de Espa\u00f1a Infantil de Karate este fin de semana en Logro\u00f1o. Alejandro, estamos seguros que con tu pasi\u00f3n por el [&hellip;]<\/p>\n","protected":false},"author":2,"featured_media":8977,"comment_status":"open","ping_status":"open","sticky":false,"template":"","format":"standard","meta":{"footnotes":""},"categories":[1],"tags":[],"class_list":["post-8976","post","type-post","status-publish","format-standard","has-post-thumbnail","hentry","category-esports-alzira"],"featured_image_src":{"landsacpe":["https:\/\/esportsmunicipalsalzira.com\/wp-content\/uploads\/2025\/04\/490288539_966757822111418_5264466844428100887_n-1080x445.jpg",1080,445,true],"list":["https:\/\/esportsmunicipalsalzira.com\/wp-content\/uploads\/2025\/04\/490288539_966757822111418_5264466844428100887_n-463x348.jpg",463,348,true],"medium":["https:\/\/esportsmunicipalsalzira.com\/wp-content\/uploads\/2025\/04\/490288539_966757822111418_5264466844428100887_n-300x300.jpg",300,300,true],"full":["https:\/\/esportsmunicipalsalzira.com\/wp-content\/uploads\/2025\/04\/490288539_966757822111418_5264466844428100887_n.jpg",1080,1080,false]},"_links":{"self":[{"href":"https:\/\/esportsmunicipalsalzira.com\/es\/wp-json\/wp\/v2\/posts\/8976","targetHints":{"allow":["GET"]}}],"collection":[{"href":"https:\/\/esportsmunicipalsalzira.com\/es\/wp-json\/wp\/v2\/posts"}],"about":[{"href":"https:\/\/esportsmunicipalsalzira.com\/es\/wp-json\/wp\/v2\/types\/post"}],"author":[{"embeddable":true,"href":"https:\/\/esportsmunicipalsalzira.com\/es\/wp-json\/wp\/v2\/users\/2"}],"replies":[{"embeddable":true,"href":"https:\/\/esportsmunicipalsalzira.com\/es\/wp-json\/wp\/v2\/comments?post=8976"}],"version-history":[{"count":0,"href":"https:\/\/esportsmunicipalsalzira.com\/es\/wp-json\/wp\/v2\/posts\/8976\/revisions"}],"wp:featuredmedia":[{"embeddable":true,"href":"https:\/\/esportsmunicipalsalzira.com\/es\/wp-json\/wp\/v2\/media\/8977"}],"wp:attachment":[{"href":"https:\/\/esportsmunicipalsalzira.com\/es\/wp-json\/wp\/v2\/media?parent=8976"}],"wp:term":[{"taxonomy":"category","embeddable":true,"href":"https:\/\/esportsmunicipalsalzira.com\/es\/wp-json\/wp\/v2\/categories?post=8976"},{"taxonomy":"post_tag","embeddable":true,"href":"https:\/\/esportsmunicipalsalzira.com\/es\/wp-json\/wp\/v2\/tags?post=8976"}],"curies":[{"name":"wp","href":"https:\/\/api.w.org\/{rel}","templated":true}]}}