{"id":8982,"date":"2025-04-12T20:05:37","date_gmt":"2025-04-12T18:05:37","guid":{"rendered":"https:\/\/esportsmunicipalsalzira.com\/sha-celebrat-este-mati-la-21a-olimpiada-escolar-datletisme-a-alzira-xiquets-i-xiquetes-dentre-6-i-12-anys-de-1r-a\/"},"modified":"2025-04-12T20:05:37","modified_gmt":"2025-04-12T18:05:37","slug":"sha-celebrat-este-mati-la-21a-olimpiada-escolar-datletisme-a-alzira-xiquets-i-xiquetes-dentre-6-i-12-anys-de-1r-a","status":"publish","type":"post","link":"https:\/\/esportsmunicipalsalzira.com\/es\/sha-celebrat-este-mati-la-21a-olimpiada-escolar-datletisme-a-alzira-xiquets-i-xiquetes-dentre-6-i-12-anys-de-1r-a\/","title":{"rendered":"Se ha celebrado esta ma\u00f1ana la 21\u00aa Olimpiada Escolar de Atletismo en Alzira Ni\u00f1os y ni\u00f1as de entre 6 y 12 a\u00f1os (de 1\u00ba a"},"content":{"rendered":"<p><br \/>\n\ud83c\udfbd\ud83d\udd25Se ha celebrado esta ma\u00f1ana la 21\u00aa Olimpiada Escolar de Atletismo en Alzira<\/p>\n<p>\ud83c\udfc5 Ni\u00f1os y ni\u00f1as de entre 6 y 12 a\u00f1os (de 1\u00ba a 6\u00ba de Primaria) de todos los centros de Educaci\u00f3n Primaria de Alzira y de la Barraca de Aguas Vivas \ud83c\udfeb\ud83d\udc66\ud83d\udc67 han competido con energ\u00eda en las categor\u00edas de Prebenjamines, Benjamins.<\/p>\n<p>La jornada est\u00e1 organizada por La Rabosa Alzira y con la colaboraci\u00f3n de Servicio Municipal de Deportes Alzira <\/p>\n<p>Asisti\u00f3 el segundo teniente de alcalde, Enrique Montalv\u00e1.<\/p>\n<p><a href=\"https:\/\/esportsmunicipalsalzira.com\/wp-content\/uploads\/2025\/04\/490393878_1068152115346193_8305098076195208804_n.jpg\"><img decoding=\"async\" class=\"wp_automatic_fb_img\" title=\"\" src=\"https:\/\/esportsmunicipalsalzira.com\/wp-content\/uploads\/2025\/04\/490393878_1068152115346193_8305098076195208804_n.jpg\" \/><\/a><br \/><a href=\"https:\/\/esportsmunicipalsalzira.com\/wp-content\/uploads\/2025\/04\/490096263_1068152158679522_3399194351890654629_n.jpg\"><img decoding=\"async\" class=\"wp_automatic_fb_img\" title=\"\" src=\"https:\/\/esportsmunicipalsalzira.com\/wp-content\/uploads\/2025\/04\/490096263_1068152158679522_3399194351890654629_n.jpg\" \/><\/a><br \/><a href=\"https:\/\/esportsmunicipalsalzira.com\/wp-content\/uploads\/2025\/04\/490736446_1068152202012851_2333241101631514738_n.jpg\"><img decoding=\"async\" class=\"wp_automatic_fb_img\" title=\"\" src=\"https:\/\/esportsmunicipalsalzira.com\/wp-content\/uploads\/2025\/04\/490736446_1068152202012851_2333241101631514738_n.jpg\" \/><\/a><br \/><a href=\"https:\/\/esportsmunicipalsalzira.com\/wp-content\/uploads\/2025\/04\/490281851_1068152252012846_1966414836849728712_n.jpg\"><img decoding=\"async\" class=\"wp_automatic_fb_img\" title=\"\" src=\"https:\/\/esportsmunicipalsalzira.com\/wp-content\/uploads\/2025\/04\/490281851_1068152252012846_1966414836849728712_n.jpg\" \/><\/a><br \/><a href=\"https:\/\/esportsmunicipalsalzira.com\/wp-content\/uploads\/2025\/04\/490517041_1068152342012837_3610619978860248554_n.jpg\"><img decoding=\"async\" class=\"wp_automatic_fb_img\" title=\"\" src=\"https:\/\/esportsmunicipalsalzira.com\/wp-content\/uploads\/2025\/04\/490517041_1068152342012837_3610619978860248554_n.jpg\" \/><\/a><br \/>\n<br \/>\n<br \/><a href=\"https:\/\/www.facebook.com\/100063537194811\/posts\/1250881883706373\">source<\/a>  <\/p>","protected":false},"excerpt":{"rendered":"<p>\ud83c\udfbd\ud83d\udd25S&#8217;ha celebrat este mat\u00ed la 21a Olimp\u00edada Escolar d\u2019Atletisme a Alzira \ud83c\udfc5 Xiquets i xiquetes d\u2019entre 6 i 12 anys (de 1r a 6\u00e9 de Prim\u00e0ria) de tots els centres d\u2019Educaci\u00f3 Prim\u00e0ria d\u2019Alzira i de la Barraca d\u2019Aig\u00fces Vives \ud83c\udfeb\ud83d\udc66\ud83d\udc67 han competit amb energia en les categories de Prebenjamins, Benjamins i Alevins, tant masculines com [&hellip;]<\/p>\n","protected":false},"author":2,"featured_media":8983,"comment_status":"open","ping_status":"open","sticky":false,"template":"","format":"standard","meta":{"footnotes":""},"categories":[1],"tags":[],"class_list":["post-8982","post","type-post","status-publish","format-standard","has-post-thumbnail","hentry","category-esports-alzira"],"featured_image_src":{"landsacpe":["https:\/\/esportsmunicipalsalzira.com\/wp-content\/uploads\/2025\/04\/490393878_1068152115346193_8305098076195208804_n-1140x445.jpg",1140,445,true],"list":["https:\/\/esportsmunicipalsalzira.com\/wp-content\/uploads\/2025\/04\/490393878_1068152115346193_8305098076195208804_n-463x348.jpg",463,348,true],"medium":["https:\/\/esportsmunicipalsalzira.com\/wp-content\/uploads\/2025\/04\/490393878_1068152115346193_8305098076195208804_n-300x225.jpg",300,225,true],"full":["https:\/\/esportsmunicipalsalzira.com\/wp-content\/uploads\/2025\/04\/490393878_1068152115346193_8305098076195208804_n.jpg",1600,1200,false]},"_links":{"self":[{"href":"https:\/\/esportsmunicipalsalzira.com\/es\/wp-json\/wp\/v2\/posts\/8982","targetHints":{"allow":["GET"]}}],"collection":[{"href":"https:\/\/esportsmunicipalsalzira.com\/es\/wp-json\/wp\/v2\/posts"}],"about":[{"href":"https:\/\/esportsmunicipalsalzira.com\/es\/wp-json\/wp\/v2\/types\/post"}],"author":[{"embeddable":true,"href":"https:\/\/esportsmunicipalsalzira.com\/es\/wp-json\/wp\/v2\/users\/2"}],"replies":[{"embeddable":true,"href":"https:\/\/esportsmunicipalsalzira.com\/es\/wp-json\/wp\/v2\/comments?post=8982"}],"version-history":[{"count":0,"href":"https:\/\/esportsmunicipalsalzira.com\/es\/wp-json\/wp\/v2\/posts\/8982\/revisions"}],"wp:featuredmedia":[{"embeddable":true,"href":"https:\/\/esportsmunicipalsalzira.com\/es\/wp-json\/wp\/v2\/media\/8983"}],"wp:attachment":[{"href":"https:\/\/esportsmunicipalsalzira.com\/es\/wp-json\/wp\/v2\/media?parent=8982"}],"wp:term":[{"taxonomy":"category","embeddable":true,"href":"https:\/\/esportsmunicipalsalzira.com\/es\/wp-json\/wp\/v2\/categories?post=8982"},{"taxonomy":"post_tag","embeddable":true,"href":"https:\/\/esportsmunicipalsalzira.com\/es\/wp-json\/wp\/v2\/tags?post=8982"}],"curies":[{"name":"wp","href":"https:\/\/api.w.org\/{rel}","templated":true}]}}