{"id":9016,"date":"2025-04-19T14:02:01","date_gmt":"2025-04-19T12:02:01","guid":{"rendered":"https:\/\/esportsmunicipalsalzira.com\/marc-artiles-criat-a-la-cantera-del-cullera-r-c-i-c-r-inter-a-jugat-durant-aquesta-setmana-amb-la-seleccio-sub18-des\/"},"modified":"2025-04-19T14:02:01","modified_gmt":"2025-04-19T12:02:01","slug":"marc-artiles-criat-a-la-cantera-del-cullera-r-c-i-c-r-inter-a-jugat-durant-aquesta-setmana-amb-la-seleccio-sub18-des","status":"publish","type":"post","link":"https:\/\/esportsmunicipalsalzira.com\/es\/marc-artiles-criat-a-la-cantera-del-cullera-r-c-i-c-r-inter-a-jugat-durant-aquesta-setmana-amb-la-seleccio-sub18-des\/","title":{"rendered":"Marc Artiles, criado en la cantera del Cullera RC y CRInter, ha jugado durante esta semana con la selecci\u00f3n Sub18 de es"},"content":{"rendered":"<p><br \/>\nMarc Artiles, criado en la cantera del Cullera RC y CRInter, ha jugado durante esta semana con la selecci\u00f3n Sub18 de espa\u00f1a como invitados junto a la selecci\u00f3n de Georgia en un torneo con las selecciones del 6 naciones, Inglaterra, Francia, Irlanda, Gales, Escocia e Italia en la ciudad de Vichy (Francia) segundo, jugando siempre a buen nivel contra las dos potencias mundiales, pero con dos derrotas, pero en el \u00faltimo partido contra Escocia la selecci\u00f3n espa\u00f1ola logr\u00f3 una merecida victoria por 12-29.<br \/>\nEnhorabuena Marco. \ud83c\udfc9\ud83c\udfc9\ud83c\udfc9<\/p>\n<p><a href=\"https:\/\/esportsmunicipalsalzira.com\/wp-content\/uploads\/2025\/04\/491978411_1235063478623247_5799792847667466076_n.jpg\"><img decoding=\"async\" class=\"wp_automatic_fb_img\" title=\"\" src=\"https:\/\/esportsmunicipalsalzira.com\/wp-content\/uploads\/2025\/04\/491978411_1235063478623247_5799792847667466076_n.jpg\" \/><\/a><br \/>\n<br \/>\n<br \/><a href=\"https:\/\/www.facebook.com\/100063537194811\/posts\/1261060359355192\">source<\/a>  <\/p>","protected":false},"excerpt":{"rendered":"<p>Marc Artiles, criat a la cantera del Cullera R.C. i C.R.Inter, a jugat durant aquesta setmana amb la selecci\u00f3 Sub18 d\u2019espanya com a invitats junt a la selecci\u00f3 de Georgia en un torneig amb les seleccions del 6 nacions, Anglaterra, Fran\u00e7a, Irlanda, Gales, Esc\u00f2cia e Italia a la ciutat de Vichy (Fran\u00e7a), Espanya s\u2019ha enfront\u00e1 [&hellip;]<\/p>\n","protected":false},"author":2,"featured_media":9017,"comment_status":"open","ping_status":"open","sticky":false,"template":"","format":"standard","meta":{"footnotes":""},"categories":[1],"tags":[],"class_list":["post-9016","post","type-post","status-publish","format-standard","has-post-thumbnail","hentry","category-esports-alzira"],"featured_image_src":{"landsacpe":["https:\/\/esportsmunicipalsalzira.com\/wp-content\/uploads\/2025\/04\/491978411_1235063478623247_5799792847667466076_n-1080x445.jpg",1080,445,true],"list":["https:\/\/esportsmunicipalsalzira.com\/wp-content\/uploads\/2025\/04\/491978411_1235063478623247_5799792847667466076_n-463x348.jpg",463,348,true],"medium":["https:\/\/esportsmunicipalsalzira.com\/wp-content\/uploads\/2025\/04\/491978411_1235063478623247_5799792847667466076_n-240x300.jpg",240,300,true],"full":["https:\/\/esportsmunicipalsalzira.com\/wp-content\/uploads\/2025\/04\/491978411_1235063478623247_5799792847667466076_n.jpg",1080,1349,false]},"_links":{"self":[{"href":"https:\/\/esportsmunicipalsalzira.com\/es\/wp-json\/wp\/v2\/posts\/9016","targetHints":{"allow":["GET"]}}],"collection":[{"href":"https:\/\/esportsmunicipalsalzira.com\/es\/wp-json\/wp\/v2\/posts"}],"about":[{"href":"https:\/\/esportsmunicipalsalzira.com\/es\/wp-json\/wp\/v2\/types\/post"}],"author":[{"embeddable":true,"href":"https:\/\/esportsmunicipalsalzira.com\/es\/wp-json\/wp\/v2\/users\/2"}],"replies":[{"embeddable":true,"href":"https:\/\/esportsmunicipalsalzira.com\/es\/wp-json\/wp\/v2\/comments?post=9016"}],"version-history":[{"count":0,"href":"https:\/\/esportsmunicipalsalzira.com\/es\/wp-json\/wp\/v2\/posts\/9016\/revisions"}],"wp:featuredmedia":[{"embeddable":true,"href":"https:\/\/esportsmunicipalsalzira.com\/es\/wp-json\/wp\/v2\/media\/9017"}],"wp:attachment":[{"href":"https:\/\/esportsmunicipalsalzira.com\/es\/wp-json\/wp\/v2\/media?parent=9016"}],"wp:term":[{"taxonomy":"category","embeddable":true,"href":"https:\/\/esportsmunicipalsalzira.com\/es\/wp-json\/wp\/v2\/categories?post=9016"},{"taxonomy":"post_tag","embeddable":true,"href":"https:\/\/esportsmunicipalsalzira.com\/es\/wp-json\/wp\/v2\/tags?post=9016"}],"curies":[{"name":"wp","href":"https:\/\/api.w.org\/{rel}","templated":true}]}}