{"id":9044,"date":"2025-05-02T11:50:48","date_gmt":"2025-05-02T09:50:48","guid":{"rendered":"https:\/\/esportsmunicipalsalzira.com\/el-centro-de-coordinacion-de-emergencias-actualiza-su-boletin-de-fenomenos-meteorologicos-y-establece-alerta-naranja\/"},"modified":"2025-05-02T11:50:48","modified_gmt":"2025-05-02T09:50:48","slug":"el-centro-de-coordinacion-de-emergencias-actualiza-su-boletin-de-fenomenos-meteorologicos-y-establece-alerta-naranja","status":"publish","type":"post","link":"https:\/\/esportsmunicipalsalzira.com\/es\/el-centro-de-coordinacion-de-emergencias-actualiza-su-boletin-de-fenomenos-meteorologicos-y-establece-alerta-naranja\/","title":{"rendered":"El Centro de Coordinaci\u00f3n de Emergencias actualiza su bolet\u00edn de fen\u00f3menos meteorol\u00f3gicos y establece: alerta naranja"},"content":{"rendered":"<p><br \/>\n\ud83d\udea8El Centro de Coordinaci\u00f3n de Emergencias actualiza su bolet\u00edn de fen\u00f3menos meteorol\u00f3gicos y establece:<\/p>\n<p>\ud83d\udfe0 alerta naranja por lluvias y tormentas en todo el interior de Valencia<br \/>\n\ud83d\udfe1 alerta nivel amarillo por lluvias y tormentas en el litoral sur de Valencia, interior de Alicante y por tormentas en el interior sur de Castell\u00f3n<\/p>\n<p><a href=\"https:\/\/esportsmunicipalsalzira.com\/wp-content\/uploads\/2025\/05\/494926553_1083507753810629_1262792931447872303_n.jpg\"><img decoding=\"async\" class=\"wp_automatic_fb_img\" title=\"\" src=\"https:\/\/esportsmunicipalsalzira.com\/wp-content\/uploads\/2025\/05\/494926553_1083507753810629_1262792931447872303_n.jpg\" \/><\/a><br \/><a href=\"https:\/\/esportsmunicipalsalzira.com\/wp-content\/uploads\/2025\/05\/495487139_1083506127144125_6193114045529087691_n.jpg\"><img decoding=\"async\" class=\"wp_automatic_fb_img\" title=\"\" src=\"https:\/\/esportsmunicipalsalzira.com\/wp-content\/uploads\/2025\/05\/495487139_1083506127144125_6193114045529087691_n.jpg\" \/><\/a><br \/><a href=\"https:\/\/esportsmunicipalsalzira.com\/wp-content\/uploads\/2025\/05\/494694233_1083506320477439_3476020221876515580_n.jpg\"><img decoding=\"async\" class=\"wp_automatic_fb_img\" title=\"\" src=\"https:\/\/esportsmunicipalsalzira.com\/wp-content\/uploads\/2025\/05\/494694233_1083506320477439_3476020221876515580_n.jpg\" \/><\/a><br \/>\n<br \/>\n<br \/><a href=\"https:\/\/www.facebook.com\/100063537194811\/posts\/1270120718449156\">source<\/a>  <\/p>","protected":false},"excerpt":{"rendered":"<p>\ud83d\udea8El Centro de Coordinaci\u00f3n de Emergencias actualiza su bolet\u00edn de fen\u00f3menos meteorol\u00f3gicos y establece: \ud83d\udfe0 alerta naranja por lluvias y tormentas en todo el interior de Valencia \ud83d\udfe1 alerta nivel amarillo por lluvias y tormentas en el litoral sur de Valencia, interior de Alicante y por tormentas en el interior<\/p>","protected":false},"author":2,"featured_media":9045,"comment_status":"open","ping_status":"open","sticky":false,"template":"","format":"standard","meta":{"footnotes":""},"categories":[1],"tags":[],"class_list":["post-9044","post","type-post","status-publish","format-standard","has-post-thumbnail","hentry","category-esports-alzira"],"featured_image_src":{"landsacpe":["https:\/\/esportsmunicipalsalzira.com\/wp-content\/uploads\/2025\/05\/494926553_1083507753810629_1262792931447872303_n-828x445.jpg",828,445,true],"list":["https:\/\/esportsmunicipalsalzira.com\/wp-content\/uploads\/2025\/05\/494926553_1083507753810629_1262792931447872303_n-463x348.jpg",463,348,true],"medium":["https:\/\/esportsmunicipalsalzira.com\/wp-content\/uploads\/2025\/05\/494926553_1083507753810629_1262792931447872303_n-300x256.jpg",300,256,true],"full":["https:\/\/esportsmunicipalsalzira.com\/wp-content\/uploads\/2025\/05\/494926553_1083507753810629_1262792931447872303_n.jpg",828,707,false]},"_links":{"self":[{"href":"https:\/\/esportsmunicipalsalzira.com\/es\/wp-json\/wp\/v2\/posts\/9044","targetHints":{"allow":["GET"]}}],"collection":[{"href":"https:\/\/esportsmunicipalsalzira.com\/es\/wp-json\/wp\/v2\/posts"}],"about":[{"href":"https:\/\/esportsmunicipalsalzira.com\/es\/wp-json\/wp\/v2\/types\/post"}],"author":[{"embeddable":true,"href":"https:\/\/esportsmunicipalsalzira.com\/es\/wp-json\/wp\/v2\/users\/2"}],"replies":[{"embeddable":true,"href":"https:\/\/esportsmunicipalsalzira.com\/es\/wp-json\/wp\/v2\/comments?post=9044"}],"version-history":[{"count":0,"href":"https:\/\/esportsmunicipalsalzira.com\/es\/wp-json\/wp\/v2\/posts\/9044\/revisions"}],"wp:featuredmedia":[{"embeddable":true,"href":"https:\/\/esportsmunicipalsalzira.com\/es\/wp-json\/wp\/v2\/media\/9045"}],"wp:attachment":[{"href":"https:\/\/esportsmunicipalsalzira.com\/es\/wp-json\/wp\/v2\/media?parent=9044"}],"wp:term":[{"taxonomy":"category","embeddable":true,"href":"https:\/\/esportsmunicipalsalzira.com\/es\/wp-json\/wp\/v2\/categories?post=9044"},{"taxonomy":"post_tag","embeddable":true,"href":"https:\/\/esportsmunicipalsalzira.com\/es\/wp-json\/wp\/v2\/tags?post=9044"}],"curies":[{"name":"wp","href":"https:\/\/api.w.org\/{rel}","templated":true}]}}