{"id":9063,"date":"2025-05-06T18:29:57","date_gmt":"2025-05-06T16:29:57","guid":{"rendered":"https:\/\/esportsmunicipalsalzira.com\/i-aquests-son-els-resultats-de-la-nostra-canteray-estos-son-los-resultados-de-nuestra-canteranbalzira-forcaalzi\/"},"modified":"2025-05-06T18:29:57","modified_gmt":"2025-05-06T16:29:57","slug":"i-aquests-son-els-resultats-de-la-nostra-canteray-estos-son-los-resultados-de-nuestra-canteranbalzira-forcaalzi","status":"publish","type":"post","link":"https:\/\/esportsmunicipalsalzira.com\/es\/i-aquests-son-els-resultats-de-la-nostra-canteray-estos-son-los-resultados-de-nuestra-canteranbalzira-forcaalzi\/","title":{"rendered":"Y estos son los resultados de nuestra cantera \u2022 Y estos son los resultados de nuestra cantera #NBAlzira #For\u00e7aAlzi"},"content":{"rendered":"<p><br \/>\nY estos son los resultados de nuestra cantera\ud83c\udf89\ud83e\udd29<\/p>\n<p>\u2022<\/p>\n<p>Y estos son los resultados de nuestra cantera\ud83c\udf89\ud83e\udd29<\/p>\n<p>#NBAlzira #FuerzaAlzira #BbasketPasi\u00f3n #familiaazulgrana #pasi\u00f3n #temporada2425 #equipo #valencia #alzira #baloncesto #Comunidad #noubasquetalzira #riberaalta #basquet #fbcv #cantera<\/p>\n<p><a href=\"https:\/\/esportsmunicipalsalzira.com\/wp-content\/uploads\/2025\/05\/495901242_18402682438110518_3219455695089460414_n.webp\"><img decoding=\"async\" class=\"wp_automatic_fb_img\" title=\"\" src=\"https:\/\/esportsmunicipalsalzira.com\/wp-content\/uploads\/2025\/05\/495901242_18402682438110518_3219455695089460414_n.webp\" \/><\/a><br \/><a href=\"https:\/\/esportsmunicipalsalzira.com\/wp-content\/uploads\/2025\/05\/495897697_18402682447110518_3131736422535716606_n.webp\"><img decoding=\"async\" class=\"wp_automatic_fb_img\" title=\"\" src=\"https:\/\/esportsmunicipalsalzira.com\/wp-content\/uploads\/2025\/05\/495897697_18402682447110518_3131736422535716606_n.webp\" \/><\/a><br \/>\n<br \/>\n<br \/><a href=\"https:\/\/www.facebook.com\/100063537194811\/posts\/1274537908007437\">source<\/a>  <\/p>","protected":false},"excerpt":{"rendered":"<p>I aquests s\u00f3n els resultats de la nostra cantera\ud83c\udf89\ud83e\udd29 \u2022 Y estos son los resultados de nuestra cantera\ud83c\udf89\ud83e\udd29 #NBAlzira #For\u00e7aAlzira #B\u00e0squetPassi\u00f3 #familiablaugrana #pasi\u00f3n #temporada2425 #equipo #valencia #alzira #baloncesto #ComunitatValenciana #basketball #noubasquetalzira #riberaalta #basquet #fbcv #cantera Source<\/p>","protected":false},"author":2,"featured_media":9064,"comment_status":"open","ping_status":"open","sticky":false,"template":"","format":"standard","meta":{"footnotes":""},"categories":[1],"tags":[],"class_list":["post-9063","post","type-post","status-publish","format-standard","has-post-thumbnail","hentry","category-esports-alzira"],"featured_image_src":{"landsacpe":["https:\/\/esportsmunicipalsalzira.com\/wp-content\/uploads\/2025\/05\/495901242_18402682438110518_3219455695089460414_n.webp-1140x445.jpeg",1140,445,true],"list":["https:\/\/esportsmunicipalsalzira.com\/wp-content\/uploads\/2025\/05\/495901242_18402682438110518_3219455695089460414_n.webp-463x348.jpeg",463,348,true],"medium":["https:\/\/esportsmunicipalsalzira.com\/wp-content\/uploads\/2025\/05\/495901242_18402682438110518_3219455695089460414_n.webp-240x300.jpeg",240,300,true],"full":["https:\/\/esportsmunicipalsalzira.com\/wp-content\/uploads\/2025\/05\/495901242_18402682438110518_3219455695089460414_n.webp.jpeg",1440,1800,false]},"_links":{"self":[{"href":"https:\/\/esportsmunicipalsalzira.com\/es\/wp-json\/wp\/v2\/posts\/9063","targetHints":{"allow":["GET"]}}],"collection":[{"href":"https:\/\/esportsmunicipalsalzira.com\/es\/wp-json\/wp\/v2\/posts"}],"about":[{"href":"https:\/\/esportsmunicipalsalzira.com\/es\/wp-json\/wp\/v2\/types\/post"}],"author":[{"embeddable":true,"href":"https:\/\/esportsmunicipalsalzira.com\/es\/wp-json\/wp\/v2\/users\/2"}],"replies":[{"embeddable":true,"href":"https:\/\/esportsmunicipalsalzira.com\/es\/wp-json\/wp\/v2\/comments?post=9063"}],"version-history":[{"count":0,"href":"https:\/\/esportsmunicipalsalzira.com\/es\/wp-json\/wp\/v2\/posts\/9063\/revisions"}],"wp:featuredmedia":[{"embeddable":true,"href":"https:\/\/esportsmunicipalsalzira.com\/es\/wp-json\/wp\/v2\/media\/9064"}],"wp:attachment":[{"href":"https:\/\/esportsmunicipalsalzira.com\/es\/wp-json\/wp\/v2\/media?parent=9063"}],"wp:term":[{"taxonomy":"category","embeddable":true,"href":"https:\/\/esportsmunicipalsalzira.com\/es\/wp-json\/wp\/v2\/categories?post=9063"},{"taxonomy":"post_tag","embeddable":true,"href":"https:\/\/esportsmunicipalsalzira.com\/es\/wp-json\/wp\/v2\/tags?post=9063"}],"curies":[{"name":"wp","href":"https:\/\/api.w.org\/{rel}","templated":true}]}}