{"id":9067,"date":"2025-05-06T19:31:37","date_gmt":"2025-05-06T17:31:37","guid":{"rendered":"https:\/\/esportsmunicipalsalzira.com\/la-pedrera-del-cr-inter-presumix-de-tindre-un-subcampio-mundial-quique-bolinches-sha-proclamat-subcampio-del\/"},"modified":"2025-05-06T19:31:37","modified_gmt":"2025-05-06T17:31:37","slug":"la-pedrera-del-cr-inter-presumix-de-tindre-un-subcampio-mundial-quique-bolinches-sha-proclamat-subcampio-del","status":"publish","type":"post","link":"https:\/\/esportsmunicipalsalzira.com\/es\/la-pedrera-del-cr-inter-presumix-de-tindre-un-subcampio-mundial-quique-bolinches-sha-proclamat-subcampio-del\/","title":{"rendered":"La cantera del CR Inter, presume de tener un subcampe\u00f3n mundial. . . . Quique Bolinches se ha proclamado subcampe\u00f3n del"},"content":{"rendered":"<p><br \/>\nLa cantera del CR Inter, presume de tener un subcampe\u00f3n mundial. . . . \ud83c\udfc9\ud83c\udfc9\ud83c\udfc9\ud83e\udd48<br \/>\nQuique Bolinches se ha proclamado subcampe\u00f3n del Campeonato del Mundo de las HSBC SVNS con la Selecci\u00f3n Espa\u00f1ola de Seven, en la \u00faltima serie disputada en Los \u00c1ngeles.<\/p>\n<p>El alzire\u00f1o disfruta de la confianza del seleccionador nacional Paco Hern\u00e1ndez que ha llevado a este combinado a cotas jam\u00e1s conseguidas en el rugby espa\u00f1ol. \ud83d\udcaa\ud83d\udcaa\ud83d\udcaa<\/p>\n<p>Fotos: Word Rugby Seven\/FER<\/p>\n<blockquote class=\"wp-embedded-content\" data-secret=\"b6pDF1xhKx\"><p><a href=\"https:\/\/ferugby.es\/espana-plata-campeonato-mundo-hsbc-svns-masculinas\/\">Espa\u00f1a, plata en el Campeonato del Mundo de las HSBC SVNS masculinas<\/a><\/p><\/blockquote>\n<p><iframe loading=\"lazy\" class=\"wp-embedded-content\" sandbox=\"allow-scripts\" security=\"restricted\" style=\"position: absolute; clip: rect(1px, 1px, 1px, 1px);\" title=\"\u00abEspa\u00f1a, plata en el Campeonato del Mundo de las HSBC SVNS masculinas\u00bb \u2014 Real Federaci\u00f3n Espa\u00f1ola de Rugby\" src=\"https:\/\/ferugby.es\/espana-plata-campeonato-mundo-hsbc-svns-masculinas\/embed\/#?secret=YFVv5SO0a1#?secret=b6pDF1xhKx\" data-secret=\"b6pDF1xhKx\" width=\"600\" height=\"338\" frameborder=\"0\" marginwidth=\"0\" marginheight=\"0\" scrolling=\"no\"><\/iframe><\/p>\n<p> #ALPESA #alpesa #animalitos #sof\u00e1satumedida #cambio #UlisesPiga #fisiocliniczeusgrado #serviciomunicipaldesportsalzira #alziraradio #InterAlpesa #RugbyAlzira #krakendistribucion #musicadders #MomentosInter #rugbyescuela #rugbycullera<\/p>\n<p><a href=\"https:\/\/esportsmunicipalsalzira.com\/wp-content\/uploads\/2025\/05\/495372455_1251638563632405_8855660246841836862_n.jpg\"><img decoding=\"async\" class=\"wp_automatic_fb_img\" title=\"\" src=\"https:\/\/esportsmunicipalsalzira.com\/wp-content\/uploads\/2025\/05\/495372455_1251638563632405_8855660246841836862_n.jpg\" \/><\/a><br \/><a href=\"https:\/\/esportsmunicipalsalzira.com\/wp-content\/uploads\/2025\/05\/495335424_1251638580299070_9116184069009454734_n.jpg\"><img decoding=\"async\" class=\"wp_automatic_fb_img\" title=\"\" src=\"https:\/\/esportsmunicipalsalzira.com\/wp-content\/uploads\/2025\/05\/495335424_1251638580299070_9116184069009454734_n.jpg\" \/><\/a><br \/>\n<br \/>\n<br \/><a href=\"https:\/\/www.facebook.com\/100063537194811\/posts\/1275221434605751\">source<\/a>  <\/p>","protected":false},"excerpt":{"rendered":"<p>La pedrera del CR Inter, presumix de tindre un subcampi\u00f3 mundial . . . . \ud83c\udfc9\ud83c\udfc9\ud83c\udfc9\ud83e\udd48 Quique Bolinches s&#8217;ha proclamat subcampi\u00f3 del Campionat del M\u00f3n de les HSBC SVNS amb la Selecci\u00f3 Espanyola de Seven, en l&#8217;\u00faltima serie disputada a Los \u00c1ngeles. L&#8217;alzireny gaudix de la confian\u00e7a del seleccionador nacional Paco Hern\u00e1ndez que ha portat [&hellip;]<\/p>\n","protected":false},"author":2,"featured_media":9068,"comment_status":"open","ping_status":"open","sticky":false,"template":"","format":"standard","meta":{"footnotes":""},"categories":[1],"tags":[],"class_list":["post-9067","post","type-post","status-publish","format-standard","has-post-thumbnail","hentry","category-esports-alzira"],"featured_image_src":{"landsacpe":["https:\/\/esportsmunicipalsalzira.com\/wp-content\/uploads\/2025\/05\/495372455_1251638563632405_8855660246841836862_n-440x445.jpg",440,445,true],"list":["https:\/\/esportsmunicipalsalzira.com\/wp-content\/uploads\/2025\/05\/495372455_1251638563632405_8855660246841836862_n-440x348.jpg",440,348,true],"medium":["https:\/\/esportsmunicipalsalzira.com\/wp-content\/uploads\/2025\/05\/495372455_1251638563632405_8855660246841836862_n-240x300.jpg",240,300,true],"full":["https:\/\/esportsmunicipalsalzira.com\/wp-content\/uploads\/2025\/05\/495372455_1251638563632405_8855660246841836862_n.jpg",440,549,false]},"_links":{"self":[{"href":"https:\/\/esportsmunicipalsalzira.com\/es\/wp-json\/wp\/v2\/posts\/9067","targetHints":{"allow":["GET"]}}],"collection":[{"href":"https:\/\/esportsmunicipalsalzira.com\/es\/wp-json\/wp\/v2\/posts"}],"about":[{"href":"https:\/\/esportsmunicipalsalzira.com\/es\/wp-json\/wp\/v2\/types\/post"}],"author":[{"embeddable":true,"href":"https:\/\/esportsmunicipalsalzira.com\/es\/wp-json\/wp\/v2\/users\/2"}],"replies":[{"embeddable":true,"href":"https:\/\/esportsmunicipalsalzira.com\/es\/wp-json\/wp\/v2\/comments?post=9067"}],"version-history":[{"count":0,"href":"https:\/\/esportsmunicipalsalzira.com\/es\/wp-json\/wp\/v2\/posts\/9067\/revisions"}],"wp:featuredmedia":[{"embeddable":true,"href":"https:\/\/esportsmunicipalsalzira.com\/es\/wp-json\/wp\/v2\/media\/9068"}],"wp:attachment":[{"href":"https:\/\/esportsmunicipalsalzira.com\/es\/wp-json\/wp\/v2\/media?parent=9067"}],"wp:term":[{"taxonomy":"category","embeddable":true,"href":"https:\/\/esportsmunicipalsalzira.com\/es\/wp-json\/wp\/v2\/categories?post=9067"},{"taxonomy":"post_tag","embeddable":true,"href":"https:\/\/esportsmunicipalsalzira.com\/es\/wp-json\/wp\/v2\/tags?post=9067"}],"curies":[{"name":"wp","href":"https:\/\/api.w.org\/{rel}","templated":true}]}}