{"id":9095,"date":"2025-05-14T00:56:55","date_gmt":"2025-05-13T22:56:55","guid":{"rendered":"https:\/\/esportsmunicipalsalzira.com\/mvp-de-la-jornada-en-lultim-partit-de-la-lliga-regular-caleb-ho-ha-tornat-a-fer-en-una-victoria-clau-davant-cb-tabe\/"},"modified":"2025-05-14T00:56:55","modified_gmt":"2025-05-13T22:56:55","slug":"mvp-de-la-jornada-en-lultim-partit-de-la-lliga-regular-caleb-ho-ha-tornat-a-fer-en-una-victoria-clau-davant-cb-tabe","status":"publish","type":"post","link":"https:\/\/esportsmunicipalsalzira.com\/es\/mvp-de-la-jornada-en-lultim-partit-de-la-lliga-regular-caleb-ho-ha-tornat-a-fer-en-una-victoria-clau-davant-cb-tabe\/","title":{"rendered":"MVP DE LA JORNADA En el \u00faltimo partido de la liga regular, Caleb ha vuelto a hacerlo. En una victoria clave ante CB Tabe"},"content":{"rendered":"<p><br \/>\n\ud83c\udfc0 MVP DE LA JORNADA \ud83c\udfc0<br \/>\nEn el \u00faltimo partido de la liga regular, Caleb ha vuelto a hacerlo. En una victoria clave ante CB Tabernes Blanques B, nuestro jugador ha sido, una jornada m\u00e1s, un aut\u00e9ntico l\u00edder en pista.<\/p>\n<p>\ud83d\udcca Estad\u00edsticas brutales:<br \/>\n\u2728 34 puntos<br \/>\n\u2728 7 rebotes<br \/>\n\u2728 3 asistencias<br \/>\n\u2728 8 recuperaciones<br \/>\n\u2728 34 de valoraci\u00f3n<\/p>\n<p>Caleb sabe reaccionar y sabe encauzar al equipo cuando m\u00e1s falta hace.<br \/>\nSu actuaci\u00f3n nos impulsa a afrontar las eliminatorias con confianza y energ\u00eda.<\/p>\n<p>\u00a1Gracias, Caleb, y enhorabuena!<br \/>\n\u00a1Nos vemos en los playoffs! \ud83c\udf89<br \/>\n1, 2, 3\u2026 \u00a1equipo!<\/p>\n<p>\u2022<\/p>\n<p>\ud83c\udfc0 MVP DE LA JORNADA \ud83c\udfc0<br \/>\nEn el \u00faltimo partido de la liga regular, Caleb ha vuelto a hacerlo. En una victoria clave frente al CB Tabernes Blanques B, nuestro jugador ha sido, una jornada m\u00e1s, un aut\u00e9ntico l\u00edder en la pista.<\/p>\n<p>\ud83d\udcca Estad\u00edsticas brutales:<br \/>\n\u2728 34 puntos<br \/>\n\u2728 7 rebotas<br \/>\n\u2728 3 asistencias<br \/>\n\u2728 8 recuperaciones<br \/>\n\u2728 34 de valoraci\u00f3n<\/p>\n<p>Caleb sabe reaccionar y sabe encauzar al equipo cuando m\u00e1s falta hace.<br \/>\nSu actuaci\u00f3n nos impulsa a afrontar las eliminatorias con confianza y energ\u00eda.<\/p>\n<p>\u00a1 \u00a1Gracias, Caleb, y enhorabuena!<br \/>\n\u00a1Nos vemos en los playoffs! \ud83c\udf89<br \/>\n1, 2, 3\u2026 \u00a1equipo!<\/p>\n<p>#NBAlzira #FuerzaAlzira #BbasketPasi\u00f3n #familiaazulgrana #pasi\u00f3n #temporada2425 #equipo #valencia #alzira #baloncesto #Comunidad #noubasquetalzira #riberaalta #basquet #fbcv #inmoking<\/p>\n<p><a href=\"https:\/\/esportsmunicipalsalzira.com\/wp-content\/uploads\/2025\/05\/497212776_18403582918110518_6103125979315112821_n.webp\"><img decoding=\"async\" class=\"wp_automatic_fb_img\" title=\"\" src=\"https:\/\/esportsmunicipalsalzira.com\/wp-content\/uploads\/2025\/05\/497212776_18403582918110518_6103125979315112821_n.webp\" \/><\/a><br \/>\n<br \/>\n<br \/><a href=\"https:\/\/www.facebook.com\/100063537194811\/posts\/1279894114138483\">source<\/a>  <\/p>","protected":false},"excerpt":{"rendered":"<p>\ud83c\udfc0 MVP DE LA JORNADA \ud83c\udfc0 En l\u2019\u00faltim partit de la lliga regular, Caleb ho ha tornat a fer. En una vict\u00f2ria clau davant CB Tabernes Blanques B, el nostre jugador ha sigut, una jornada m\u00e9s, un aut\u00e8ntic l\u00edder a pista. \ud83d\udcca Estad\u00edstiques brutals: \u2728 34 punts \u2728 7 rebots \u2728 3 assist\u00e8ncies \u2728 8 [&hellip;]<\/p>\n","protected":false},"author":2,"featured_media":9096,"comment_status":"open","ping_status":"open","sticky":false,"template":"","format":"standard","meta":{"footnotes":""},"categories":[1],"tags":[],"class_list":["post-9095","post","type-post","status-publish","format-standard","has-post-thumbnail","hentry","category-esports-alzira"],"featured_image_src":{"landsacpe":["https:\/\/esportsmunicipalsalzira.com\/wp-content\/uploads\/2025\/05\/497212776_18403582918110518_6103125979315112821_n.webp-1140x445.jpeg",1140,445,true],"list":["https:\/\/esportsmunicipalsalzira.com\/wp-content\/uploads\/2025\/05\/497212776_18403582918110518_6103125979315112821_n.webp-463x348.jpeg",463,348,true],"medium":["https:\/\/esportsmunicipalsalzira.com\/wp-content\/uploads\/2025\/05\/497212776_18403582918110518_6103125979315112821_n.webp-240x300.jpeg",240,300,true],"full":["https:\/\/esportsmunicipalsalzira.com\/wp-content\/uploads\/2025\/05\/497212776_18403582918110518_6103125979315112821_n.webp.jpeg",1440,1800,false]},"_links":{"self":[{"href":"https:\/\/esportsmunicipalsalzira.com\/es\/wp-json\/wp\/v2\/posts\/9095","targetHints":{"allow":["GET"]}}],"collection":[{"href":"https:\/\/esportsmunicipalsalzira.com\/es\/wp-json\/wp\/v2\/posts"}],"about":[{"href":"https:\/\/esportsmunicipalsalzira.com\/es\/wp-json\/wp\/v2\/types\/post"}],"author":[{"embeddable":true,"href":"https:\/\/esportsmunicipalsalzira.com\/es\/wp-json\/wp\/v2\/users\/2"}],"replies":[{"embeddable":true,"href":"https:\/\/esportsmunicipalsalzira.com\/es\/wp-json\/wp\/v2\/comments?post=9095"}],"version-history":[{"count":0,"href":"https:\/\/esportsmunicipalsalzira.com\/es\/wp-json\/wp\/v2\/posts\/9095\/revisions"}],"wp:featuredmedia":[{"embeddable":true,"href":"https:\/\/esportsmunicipalsalzira.com\/es\/wp-json\/wp\/v2\/media\/9096"}],"wp:attachment":[{"href":"https:\/\/esportsmunicipalsalzira.com\/es\/wp-json\/wp\/v2\/media?parent=9095"}],"wp:term":[{"taxonomy":"category","embeddable":true,"href":"https:\/\/esportsmunicipalsalzira.com\/es\/wp-json\/wp\/v2\/categories?post=9095"},{"taxonomy":"post_tag","embeddable":true,"href":"https:\/\/esportsmunicipalsalzira.com\/es\/wp-json\/wp\/v2\/tags?post=9095"}],"curies":[{"name":"wp","href":"https:\/\/api.w.org\/{rel}","templated":true}]}}