{"id":9121,"date":"2025-05-21T14:49:06","date_gmt":"2025-05-21T12:49:06","guid":{"rendered":"https:\/\/esportsmunicipalsalzira.com\/el-juvenil-del-club-handbol-alzira-no-va-poder-amb-el-pilar-que-tambe-li-guanya-la-tornada-de-la-final-29-21-este-diume\/"},"modified":"2025-05-21T14:49:06","modified_gmt":"2025-05-21T12:49:06","slug":"el-juvenil-del-club-handbol-alzira-no-va-poder-amb-el-pilar-que-tambe-li-guanya-la-tornada-de-la-final-29-21-este-diume","status":"publish","type":"post","link":"https:\/\/esportsmunicipalsalzira.com\/es\/el-juvenil-del-club-handbol-alzira-no-va-poder-amb-el-pilar-que-tambe-li-guanya-la-tornada-de-la-final-29-21-este-diume\/","title":{"rendered":"El juvenil del Club Balonmano Alzira no pudo con El Pilar que tambi\u00e9n le gan\u00f3 la vuelta de la final 29-21. Este dicem"},"content":{"rendered":"<p><br \/>\nEl juvenil del Club Balonmano Alzira no pudo con El Pilar que tambi\u00e9n le gan\u00f3 la vuelta de la final 29-21. Este domingo el pabell\u00f3n P\u00e9rez Puig acoge las finales de Copa de otras categor\u00edas que jugar\u00e1n el cadete a las 11 y el infantil a las 13:45 h. Nos lo cuenta el coordinador y entrenador, Pere Soler.<\/p>\n<p>https:\/\/alziraradio.com\/el-juvenil-del-club-handbol-alzira-subcampio-de-copa\/<\/p>\n<p><a href=\"https:\/\/esportsmunicipalsalzira.com\/wp-content\/uploads\/2025\/05\/499522970_1239259964875263_4465023950785214428_n.jpg\"><img decoding=\"async\" class=\"wp_automatic_fb_img\" title=\"\" src=\"https:\/\/esportsmunicipalsalzira.com\/wp-content\/uploads\/2025\/05\/499522970_1239259964875263_4465023950785214428_n.jpg\" \/><\/a><br \/>\n<br \/>\n<br \/><a href=\"https:\/\/www.facebook.com\/100063537194811\/posts\/1286530230141538\">source<\/a>  <\/p>","protected":false},"excerpt":{"rendered":"<p>El juvenil del Club Handbol Alzira no va poder amb El Pilar que tamb\u00e9 li guany\u00e0 la tornada de la final 29-21. Este diumenge el pavell\u00f3 P\u00e9rez Puig acull les finals de Copa d&#8217;altres categories que jugaran el cadet a les 11 i l&#8217;infantil a les 13.45 h. Ens ho conta el coordinador i entrenador, [&hellip;]<\/p>\n","protected":false},"author":2,"featured_media":9122,"comment_status":"open","ping_status":"open","sticky":false,"template":"","format":"standard","meta":{"footnotes":""},"categories":[1],"tags":[],"class_list":["post-9121","post","type-post","status-publish","format-standard","has-post-thumbnail","hentry","category-esports-alzira"],"featured_image_src":{"landsacpe":["https:\/\/esportsmunicipalsalzira.com\/wp-content\/uploads\/2025\/05\/499522970_1239259964875263_4465023950785214428_n-1140x445.jpg",1140,445,true],"list":["https:\/\/esportsmunicipalsalzira.com\/wp-content\/uploads\/2025\/05\/499522970_1239259964875263_4465023950785214428_n-463x348.jpg",463,348,true],"medium":["https:\/\/esportsmunicipalsalzira.com\/wp-content\/uploads\/2025\/05\/499522970_1239259964875263_4465023950785214428_n-300x169.jpg",300,169,true],"full":["https:\/\/esportsmunicipalsalzira.com\/wp-content\/uploads\/2025\/05\/499522970_1239259964875263_4465023950785214428_n.jpg",1280,720,false]},"_links":{"self":[{"href":"https:\/\/esportsmunicipalsalzira.com\/es\/wp-json\/wp\/v2\/posts\/9121","targetHints":{"allow":["GET"]}}],"collection":[{"href":"https:\/\/esportsmunicipalsalzira.com\/es\/wp-json\/wp\/v2\/posts"}],"about":[{"href":"https:\/\/esportsmunicipalsalzira.com\/es\/wp-json\/wp\/v2\/types\/post"}],"author":[{"embeddable":true,"href":"https:\/\/esportsmunicipalsalzira.com\/es\/wp-json\/wp\/v2\/users\/2"}],"replies":[{"embeddable":true,"href":"https:\/\/esportsmunicipalsalzira.com\/es\/wp-json\/wp\/v2\/comments?post=9121"}],"version-history":[{"count":0,"href":"https:\/\/esportsmunicipalsalzira.com\/es\/wp-json\/wp\/v2\/posts\/9121\/revisions"}],"wp:featuredmedia":[{"embeddable":true,"href":"https:\/\/esportsmunicipalsalzira.com\/es\/wp-json\/wp\/v2\/media\/9122"}],"wp:attachment":[{"href":"https:\/\/esportsmunicipalsalzira.com\/es\/wp-json\/wp\/v2\/media?parent=9121"}],"wp:term":[{"taxonomy":"category","embeddable":true,"href":"https:\/\/esportsmunicipalsalzira.com\/es\/wp-json\/wp\/v2\/categories?post=9121"},{"taxonomy":"post_tag","embeddable":true,"href":"https:\/\/esportsmunicipalsalzira.com\/es\/wp-json\/wp\/v2\/tags?post=9121"}],"curies":[{"name":"wp","href":"https:\/\/api.w.org\/{rel}","templated":true}]}}