{"id":9335,"date":"2025-07-10T14:39:02","date_gmt":"2025-07-10T12:39:02","guid":{"rendered":"https:\/\/esportsmunicipalsalzira.com\/hugo-grande-va-decidir-no-anar-al-car-de-sant-cugat-barcelona-per-a-seguir-progressant-en-el-taekwondo-per-tal-destud\/"},"modified":"2025-07-10T14:39:02","modified_gmt":"2025-07-10T12:39:02","slug":"hugo-grande-va-decidir-no-anar-al-car-de-sant-cugat-barcelona-per-a-seguir-progressant-en-el-taekwondo-per-tal-destud","status":"publish","type":"post","link":"https:\/\/esportsmunicipalsalzira.com\/es\/hugo-grande-va-decidir-no-anar-al-car-de-sant-cugat-barcelona-per-a-seguir-progressant-en-el-taekwondo-per-tal-destud\/","title":{"rendered":"Hugo Grande decidi\u00f3 no ir al CAR de Sant Cugat (Barcelona) para seguir progresando en el taekwondo para estudiar"},"content":{"rendered":"<p><br \/>\nHugo Grande decidi\u00f3 no ir al CAR de Sant Cugat (Barcelona) para seguir progresando en el taekwondo para estudiar para la PAU y realizar la carrera que \u00e9l quiere, electromec\u00e1nica industrial. Ha vuelto a Alzira, ha empezado a practicar k\u00e1rate kyokushinkai y ya se ha proclamado campe\u00f3n de Espa\u00f1a. Hoy ha estado en los estudios de Alzira Radio. Se puede escuchar a partir del minuto 21&#039;14\u201d<br \/>\nServicio Municipal de Deportes Alzira Fighters Leo <\/p>\n<p><a href=\"https:\/\/esportsmunicipalsalzira.com\/wp-content\/uploads\/2025\/07\/15798934204980627343\"><img decoding=\"async\" class=\"wp_automatic_fb_img\" title=\"\" src=\"https:\/\/esportsmunicipalsalzira.com\/wp-content\/uploads\/2025\/07\/15798934204980627343\" \/><\/a><br \/>\n<br \/>\n<br \/><a href=\"https:\/\/www.facebook.com\/100063537194811\/posts\/1330667535727807\">source<\/a>  <\/p>","protected":false},"excerpt":{"rendered":"<p>Hugo Grande va decidir no anar al CAR de Sant Cugat (Barcelona) per a seguir progressant en el taekwondo per tal d&#8217;estudiar per a la PAU i fer la carrera que ell vol, electromec\u00e0nica industrial. Ha tornat a Alzira, ha comen\u00e7at a practicar karate kyokushinkai i ja s&#8217;ha proclamat campi\u00f3 d&#8217;Espanya. Hui ha estat als [&hellip;]<\/p>\n","protected":false},"author":2,"featured_media":9336,"comment_status":"closed","ping_status":"closed","sticky":false,"template":"","format":"standard","meta":{"footnotes":""},"categories":[1],"tags":[],"class_list":["post-9335","post","type-post","status-publish","format-standard","has-post-thumbnail","hentry","category-esports-alzira"],"featured_image_src":{"landsacpe":["https:\/\/esportsmunicipalsalzira.com\/wp-content\/uploads\/2025\/07\/15798934204980627343-1000x445.jpeg",1000,445,true],"list":["https:\/\/esportsmunicipalsalzira.com\/wp-content\/uploads\/2025\/07\/15798934204980627343-463x348.jpeg",463,348,true],"medium":["https:\/\/esportsmunicipalsalzira.com\/wp-content\/uploads\/2025\/07\/15798934204980627343-300x157.jpeg",300,157,true],"full":["https:\/\/esportsmunicipalsalzira.com\/wp-content\/uploads\/2025\/07\/15798934204980627343.jpeg",1000,522,false]},"_links":{"self":[{"href":"https:\/\/esportsmunicipalsalzira.com\/es\/wp-json\/wp\/v2\/posts\/9335","targetHints":{"allow":["GET"]}}],"collection":[{"href":"https:\/\/esportsmunicipalsalzira.com\/es\/wp-json\/wp\/v2\/posts"}],"about":[{"href":"https:\/\/esportsmunicipalsalzira.com\/es\/wp-json\/wp\/v2\/types\/post"}],"author":[{"embeddable":true,"href":"https:\/\/esportsmunicipalsalzira.com\/es\/wp-json\/wp\/v2\/users\/2"}],"replies":[{"embeddable":true,"href":"https:\/\/esportsmunicipalsalzira.com\/es\/wp-json\/wp\/v2\/comments?post=9335"}],"version-history":[{"count":0,"href":"https:\/\/esportsmunicipalsalzira.com\/es\/wp-json\/wp\/v2\/posts\/9335\/revisions"}],"wp:featuredmedia":[{"embeddable":true,"href":"https:\/\/esportsmunicipalsalzira.com\/es\/wp-json\/wp\/v2\/media\/9336"}],"wp:attachment":[{"href":"https:\/\/esportsmunicipalsalzira.com\/es\/wp-json\/wp\/v2\/media?parent=9335"}],"wp:term":[{"taxonomy":"category","embeddable":true,"href":"https:\/\/esportsmunicipalsalzira.com\/es\/wp-json\/wp\/v2\/categories?post=9335"},{"taxonomy":"post_tag","embeddable":true,"href":"https:\/\/esportsmunicipalsalzira.com\/es\/wp-json\/wp\/v2\/tags?post=9335"}],"curies":[{"name":"wp","href":"https:\/\/api.w.org\/{rel}","templated":true}]}}