{"id":9371,"date":"2025-07-24T21:49:04","date_gmt":"2025-07-24T19:49:04","guid":{"rendered":"https:\/\/esportsmunicipalsalzira.com\/diumenge-se-celebrara-la-19a-edicio-de-la-matinal-motera-ciutat-dalzira-organitzada-pel-alzira-motoclub-motoclub-alzir\/"},"modified":"2025-07-24T21:49:04","modified_gmt":"2025-07-24T19:49:04","slug":"diumenge-se-celebrara-la-19a-edicio-de-la-matinal-motera-ciutat-dalzira-organitzada-pel-alzira-motoclub-motoclub-alzir","status":"publish","type":"post","link":"https:\/\/esportsmunicipalsalzira.com\/es\/diumenge-se-celebrara-la-19a-edicio-de-la-matinal-motera-ciutat-dalzira-organitzada-pel-alzira-motoclub-motoclub-alzir\/","title":{"rendered":"El domingo se celebrar\u00e1 la 19\u00aa edici\u00f3n de la Matinal Motera Ciudad de Alzira, organizada por el Alzira Motoclub Motoclub Alzir"},"content":{"rendered":"<p><br \/>\nEl domingo se celebrar\u00e1 la 19\u00aa edici\u00f3n de la Matinal Motera Ciudad de Alzira, organizada por el Alzira Motoclub Motoclub Alzira Nos lo cuenta su presidente, Jorge Jord\u00e1n.<br \/>\nPor \u00faltimo hablamos del \u00faltimo fichaje de la UD Alzira, el portero Izan Rodr\u00edguez.<\/p>\n<p>https:\/\/www.ivoox.com\/motoclub-i-izan-rodriguez-24-juliol-audios-mp3_rf_153766149_1.html<\/p>\n<p><a href=\"https:\/\/esportsmunicipalsalzira.com\/wp-content\/uploads\/2025\/07\/522182341_1294591606008765_5043993528077194117_n.jpg\"><img decoding=\"async\" class=\"wp_automatic_fb_img\" title=\"\" src=\"https:\/\/esportsmunicipalsalzira.com\/wp-content\/uploads\/2025\/07\/522182341_1294591606008765_5043993528077194117_n.jpg\" \/><\/a><br \/>\n<br \/>\n<br \/><a href=\"https:\/\/www.facebook.com\/100063537194811\/posts\/1343225834471977\">source<\/a>  <\/p>","protected":false},"excerpt":{"rendered":"<p>Diumenge se celebrar\u00e0 la 19a edici\u00f3 de la Matinal Motera Ciutat d&#8217;Alzira, organitzada pel Alzira Motoclub Motoclub Alzira Ens ho conta el seu president, Jorge Jord\u00e1n. Per acabar parlem de l&#8217;\u00faltim fitxatge de la UD Alzira, el porter Izan Rodr\u00edguez. https:\/\/www.ivoox.com\/motoclub-i-izan-rodriguez-24-juliol-audios-mp3_rf_153766149_1.html Source<\/p>","protected":false},"author":2,"featured_media":9372,"comment_status":"closed","ping_status":"closed","sticky":false,"template":"","format":"standard","meta":{"footnotes":""},"categories":[1],"tags":[],"class_list":["post-9371","post","type-post","status-publish","format-standard","has-post-thumbnail","hentry","category-esports-alzira"],"featured_image_src":{"landsacpe":["https:\/\/esportsmunicipalsalzira.com\/wp-content\/uploads\/2025\/07\/522182341_1294591606008765_5043993528077194117_n-1080x445.jpg",1080,445,true],"list":["https:\/\/esportsmunicipalsalzira.com\/wp-content\/uploads\/2025\/07\/522182341_1294591606008765_5043993528077194117_n-463x348.jpg",463,348,true],"medium":["https:\/\/esportsmunicipalsalzira.com\/wp-content\/uploads\/2025\/07\/522182341_1294591606008765_5043993528077194117_n-300x300.jpg",300,300,true],"full":["https:\/\/esportsmunicipalsalzira.com\/wp-content\/uploads\/2025\/07\/522182341_1294591606008765_5043993528077194117_n.jpg",1080,1080,false]},"_links":{"self":[{"href":"https:\/\/esportsmunicipalsalzira.com\/es\/wp-json\/wp\/v2\/posts\/9371","targetHints":{"allow":["GET"]}}],"collection":[{"href":"https:\/\/esportsmunicipalsalzira.com\/es\/wp-json\/wp\/v2\/posts"}],"about":[{"href":"https:\/\/esportsmunicipalsalzira.com\/es\/wp-json\/wp\/v2\/types\/post"}],"author":[{"embeddable":true,"href":"https:\/\/esportsmunicipalsalzira.com\/es\/wp-json\/wp\/v2\/users\/2"}],"replies":[{"embeddable":true,"href":"https:\/\/esportsmunicipalsalzira.com\/es\/wp-json\/wp\/v2\/comments?post=9371"}],"version-history":[{"count":0,"href":"https:\/\/esportsmunicipalsalzira.com\/es\/wp-json\/wp\/v2\/posts\/9371\/revisions"}],"wp:featuredmedia":[{"embeddable":true,"href":"https:\/\/esportsmunicipalsalzira.com\/es\/wp-json\/wp\/v2\/media\/9372"}],"wp:attachment":[{"href":"https:\/\/esportsmunicipalsalzira.com\/es\/wp-json\/wp\/v2\/media?parent=9371"}],"wp:term":[{"taxonomy":"category","embeddable":true,"href":"https:\/\/esportsmunicipalsalzira.com\/es\/wp-json\/wp\/v2\/categories?post=9371"},{"taxonomy":"post_tag","embeddable":true,"href":"https:\/\/esportsmunicipalsalzira.com\/es\/wp-json\/wp\/v2\/tags?post=9371"}],"curies":[{"name":"wp","href":"https:\/\/api.w.org\/{rel}","templated":true}]}}