{"id":9383,"date":"2025-07-25T17:50:04","date_gmt":"2025-07-25T15:50:04","guid":{"rendered":"https:\/\/esportsmunicipalsalzira.com\/adrian-vidal-del-trencaones-club-de-natacio-alzira-sha-proclamat-campio-despanya-junior-de-natacio-en-200-m-esque\/"},"modified":"2025-07-25T17:50:04","modified_gmt":"2025-07-25T15:50:04","slug":"adrian-vidal-del-trencaones-club-de-natacio-alzira-sha-proclamat-campio-despanya-junior-de-natacio-en-200-m-esque","status":"publish","type":"post","link":"https:\/\/esportsmunicipalsalzira.com\/es\/adrian-vidal-del-trencaones-club-de-natacio-alzira-sha-proclamat-campio-despanya-junior-de-natacio-en-200-m-esque\/","title":{"rendered":"Adri\u00e1n Vidal, del Cascanueces \u2013 club de nataci\u00f3n Alzira se ha proclamado campe\u00f3n de Espa\u00f1a junior de nataci\u00f3n en 200 m."},"content":{"rendered":"<p><br \/>\nAdri\u00e1n Vidal, del Cascanueces \u2013 club de nataci\u00f3n Alzira se ha proclamado campe\u00f3n de Espa\u00f1a junior de nataci\u00f3n en 200 m. espalda y Paul Lardeur, subcampe\u00f3n de Espa\u00f1a infantil en 100 espalda.<br \/>\nOtanha est\u00e1 cerca de convertirse en nuevo jugador del Family Cash Alzira FS.<br \/>\nPau Palac\u00edn nos habla del nuevo fichaje de la UD Alzira, Izan Rodr\u00edguez y de su fichaje por Marbella.<br \/>\nEl CD Castell\u00f3n jugar\u00e1 el mi\u00e9rcoles en el Luis Su\u00f1er Pic\u00f3 contra Al Riyadh \u00e1rabe. Kiko Felguera nos cuenta c\u00f3mo prepara la temporada el conjunto blanquinegro y analiza la plantilla de la UD Alzira.<\/p>\n<p>https:\/\/www.ivoox.com\/adrian-vidal-izan-rodriguez-i-partit-cd-castello-audios-mp3_rf_153827033_1.html<\/p>\n<p><a href=\"https:\/\/esportsmunicipalsalzira.com\/wp-content\/uploads\/2025\/07\/523985903_1295273039273955_3783921408597224563_n.jpg\"><img decoding=\"async\" class=\"wp_automatic_fb_img\" title=\"\" src=\"https:\/\/esportsmunicipalsalzira.com\/wp-content\/uploads\/2025\/07\/523985903_1295273039273955_3783921408597224563_n.jpg\" \/><\/a><br \/><a href=\"https:\/\/esportsmunicipalsalzira.com\/wp-content\/uploads\/2025\/07\/523359215_1295273389273920_6870447477937837368_n.jpg\"><img decoding=\"async\" class=\"wp_automatic_fb_img\" title=\"\" src=\"https:\/\/esportsmunicipalsalzira.com\/wp-content\/uploads\/2025\/07\/523359215_1295273389273920_6870447477937837368_n.jpg\" \/><\/a><br \/>\n<br \/>\n<br \/><a href=\"https:\/\/www.facebook.com\/100063537194811\/posts\/1347104277417466\">source<\/a>  <\/p>","protected":false},"excerpt":{"rendered":"<p>Adri\u00e1n Vidal, del Trencaones &#8211; club de nataci\u00f3 Alzira s&#8217;ha proclamat campi\u00f3 d&#8217;Espanya junior de nataci\u00f3 en 200 m. esquena i Paul Lardeur, subcampi\u00f3 d&#8217;Espanya infantil en 100 esquena. Otanha est\u00e0 a prop de convertir-se en nou jugador del Family Cash Alzira FS . Pau Palac\u00edn ens parla del nou fitxatge de la U.D. Alzira, [&hellip;]<\/p>\n","protected":false},"author":2,"featured_media":9384,"comment_status":"closed","ping_status":"closed","sticky":false,"template":"","format":"standard","meta":{"footnotes":""},"categories":[1],"tags":[],"class_list":["post-9383","post","type-post","status-publish","format-standard","has-post-thumbnail","hentry","category-esports-alzira"],"featured_image_src":{"landsacpe":["https:\/\/esportsmunicipalsalzira.com\/wp-content\/uploads\/2025\/07\/523985903_1295273039273955_3783921408597224563_n-683x445.jpg",683,445,true],"list":["https:\/\/esportsmunicipalsalzira.com\/wp-content\/uploads\/2025\/07\/523985903_1295273039273955_3783921408597224563_n-463x348.jpg",463,348,true],"medium":["https:\/\/esportsmunicipalsalzira.com\/wp-content\/uploads\/2025\/07\/523985903_1295273039273955_3783921408597224563_n-300x300.jpg",300,300,true],"full":["https:\/\/esportsmunicipalsalzira.com\/wp-content\/uploads\/2025\/07\/523985903_1295273039273955_3783921408597224563_n.jpg",683,683,false]},"_links":{"self":[{"href":"https:\/\/esportsmunicipalsalzira.com\/es\/wp-json\/wp\/v2\/posts\/9383","targetHints":{"allow":["GET"]}}],"collection":[{"href":"https:\/\/esportsmunicipalsalzira.com\/es\/wp-json\/wp\/v2\/posts"}],"about":[{"href":"https:\/\/esportsmunicipalsalzira.com\/es\/wp-json\/wp\/v2\/types\/post"}],"author":[{"embeddable":true,"href":"https:\/\/esportsmunicipalsalzira.com\/es\/wp-json\/wp\/v2\/users\/2"}],"replies":[{"embeddable":true,"href":"https:\/\/esportsmunicipalsalzira.com\/es\/wp-json\/wp\/v2\/comments?post=9383"}],"version-history":[{"count":0,"href":"https:\/\/esportsmunicipalsalzira.com\/es\/wp-json\/wp\/v2\/posts\/9383\/revisions"}],"wp:featuredmedia":[{"embeddable":true,"href":"https:\/\/esportsmunicipalsalzira.com\/es\/wp-json\/wp\/v2\/media\/9384"}],"wp:attachment":[{"href":"https:\/\/esportsmunicipalsalzira.com\/es\/wp-json\/wp\/v2\/media?parent=9383"}],"wp:term":[{"taxonomy":"category","embeddable":true,"href":"https:\/\/esportsmunicipalsalzira.com\/es\/wp-json\/wp\/v2\/categories?post=9383"},{"taxonomy":"post_tag","embeddable":true,"href":"https:\/\/esportsmunicipalsalzira.com\/es\/wp-json\/wp\/v2\/tags?post=9383"}],"curies":[{"name":"wp","href":"https:\/\/api.w.org\/{rel}","templated":true}]}}