{"id":9393,"date":"2025-07-30T17:09:41","date_gmt":"2025-07-30T15:09:41","guid":{"rendered":"https:\/\/esportsmunicipalsalzira.com\/un-alzira-fs-de-primera-arranca-este-divendres-la-pretemporadala-presentacio-del-nou-projecte-per-a-la-maxima-categori\/"},"modified":"2025-07-30T17:09:41","modified_gmt":"2025-07-30T15:09:41","slug":"un-alzira-fs-de-primera-arranca-este-divendres-la-pretemporadala-presentacio-del-nou-projecte-per-a-la-maxima-categori","status":"publish","type":"post","link":"https:\/\/esportsmunicipalsalzira.com\/es\/un-alzira-fs-de-primera-arranca-este-divendres-la-pretemporadala-presentacio-del-nou-projecte-per-a-la-maxima-categori\/","title":{"rendered":"Un Alzira FS de Primera arranca este viernes la pretemporada La presentaci\u00f3n del nuevo proyecto para la m\u00e1xima categor\u00eda"},"content":{"rendered":"<p><br \/>\nUn Alzira FS de Primera arranca este viernes la pretemporada<\/p>\n<p>La presentaci\u00f3n del nuevo proyecto para la m\u00e1xima categor\u00eda se har\u00e1 en el Palau d&#039;Esports<\/p>\n<p>Los entrenamientos empezar\u00e1n el pr\u00f3ximo 4 de agosto<\/p>\n<p>Y lo har\u00e1 con la siguiente plantilla integrada por 14 jugadores:<\/p>\n<p>Porteros: \u00c0lex Lluch (Industrias Santa Coloma) y Adri\u00e1n Pereira ( Ribera Navarra)<\/p>\n<p>Cerezas: Rubi, Joan, Gustavo y Darrieer<\/p>\n<p>Alas: Peir\u00f3, Ibarra, Ivi, Lechero, Dickson (Betis) y Pablo Garc\u00eda (Levante)<\/p>\n<p>Pivots: Cola (El Ejido) y Arechaga<\/p>\n<p>Las novedades son los dos guardamentas que proceden de equipos de la 1\u00aa Divisi\u00f3n, Dickson, ala brasile\u00f1o que hizo una excelente temporada en el Betis Futsal anotando 14 goles. Pablo Garcia, autor de 21 goles en el Levante donde alternaba las posiciones de ala y p\u00edvot y Cola que anot\u00f3 18 goles defendiendo los colores de El Ejido, donde jug\u00f3 de p\u00edvot.<\/p>\n<p>La directiva del Family Cash Alzira busca reforzar la plantilla con un \u201ccierre\u201d y un p\u00edvot para intentar mantenerse en la mejor liga del mundo.<\/p>\n<p><a href=\"https:\/\/esportsmunicipalsalzira.com\/wp-content\/uploads\/2025\/07\/525724924_1181700077329745_1878295802791904973_n.jpg\"><img decoding=\"async\" class=\"wp_automatic_fb_img\" title=\"\" src=\"https:\/\/esportsmunicipalsalzira.com\/wp-content\/uploads\/2025\/07\/525724924_1181700077329745_1878295802791904973_n.jpg\" \/><\/a><br \/>\n<br \/>\n<br \/><a href=\"https:\/\/www.facebook.com\/100063537194811\/posts\/1348916603902900\">source<\/a>  <\/p>","protected":false},"excerpt":{"rendered":"<p>Un Alzira FS de Primera arranca este divendres la pretemporada La presentaci\u00f3 del nou projecte per a la m\u00e0xima categoria es far\u00e0 al Palau d&#8217;Esports Els entrenaments comen\u00e7aran el pr\u00f2xim 4 d&#8217;agost I ho far\u00e0 amb la seg\u00fcent plantilla integrada per 14 jugadors: Porters: \u00c0lex Lluch (Industrias Santa Coloma) i Adri\u00e1n Pereira ( Ribera Navarra) [&hellip;]<\/p>\n","protected":false},"author":2,"featured_media":9394,"comment_status":"closed","ping_status":"closed","sticky":false,"template":"","format":"standard","meta":{"footnotes":""},"categories":[1],"tags":[],"class_list":["post-9393","post","type-post","status-publish","format-standard","has-post-thumbnail","hentry","category-esports-alzira"],"featured_image_src":{"landsacpe":["https:\/\/esportsmunicipalsalzira.com\/wp-content\/uploads\/2025\/07\/525724924_1181700077329745_1878295802791904973_n-1140x445.jpg",1140,445,true],"list":["https:\/\/esportsmunicipalsalzira.com\/wp-content\/uploads\/2025\/07\/525724924_1181700077329745_1878295802791904973_n-463x348.jpg",463,348,true],"medium":["https:\/\/esportsmunicipalsalzira.com\/wp-content\/uploads\/2025\/07\/525724924_1181700077329745_1878295802791904973_n-300x200.jpg",300,200,true],"full":["https:\/\/esportsmunicipalsalzira.com\/wp-content\/uploads\/2025\/07\/525724924_1181700077329745_1878295802791904973_n.jpg",1536,1024,false]},"_links":{"self":[{"href":"https:\/\/esportsmunicipalsalzira.com\/es\/wp-json\/wp\/v2\/posts\/9393","targetHints":{"allow":["GET"]}}],"collection":[{"href":"https:\/\/esportsmunicipalsalzira.com\/es\/wp-json\/wp\/v2\/posts"}],"about":[{"href":"https:\/\/esportsmunicipalsalzira.com\/es\/wp-json\/wp\/v2\/types\/post"}],"author":[{"embeddable":true,"href":"https:\/\/esportsmunicipalsalzira.com\/es\/wp-json\/wp\/v2\/users\/2"}],"replies":[{"embeddable":true,"href":"https:\/\/esportsmunicipalsalzira.com\/es\/wp-json\/wp\/v2\/comments?post=9393"}],"version-history":[{"count":0,"href":"https:\/\/esportsmunicipalsalzira.com\/es\/wp-json\/wp\/v2\/posts\/9393\/revisions"}],"wp:featuredmedia":[{"embeddable":true,"href":"https:\/\/esportsmunicipalsalzira.com\/es\/wp-json\/wp\/v2\/media\/9394"}],"wp:attachment":[{"href":"https:\/\/esportsmunicipalsalzira.com\/es\/wp-json\/wp\/v2\/media?parent=9393"}],"wp:term":[{"taxonomy":"category","embeddable":true,"href":"https:\/\/esportsmunicipalsalzira.com\/es\/wp-json\/wp\/v2\/categories?post=9393"},{"taxonomy":"post_tag","embeddable":true,"href":"https:\/\/esportsmunicipalsalzira.com\/es\/wp-json\/wp\/v2\/tags?post=9393"}],"curies":[{"name":"wp","href":"https:\/\/api.w.org\/{rel}","templated":true}]}}