{"id":9404,"date":"2025-08-04T22:57:16","date_gmt":"2025-08-04T20:57:16","guid":{"rendered":"https:\/\/esportsmunicipalsalzira.com\/la-primera-temporada-en-el-centro-autonomico-de-tecnificacion-cat-de-la-federacion-valenciana-en-alzira-se-han-realiza\/"},"modified":"2025-08-04T22:57:16","modified_gmt":"2025-08-04T20:57:16","slug":"la-primera-temporada-en-el-centro-autonomico-de-tecnificacion-cat-de-la-federacion-valenciana-en-alzira-se-han-realiza","status":"publish","type":"post","link":"https:\/\/esportsmunicipalsalzira.com\/es\/la-primera-temporada-en-el-centro-autonomico-de-tecnificacion-cat-de-la-federacion-valenciana-en-alzira-se-han-realiza\/","title":{"rendered":"La primera temporada en el Centro Aut\u00f3nomico de Tecnificaci\u00f3n (CAT) de la Federaci\u00f3n Valenciana en Alzira se han realizado"},"content":{"rendered":"<p><br \/>\nLa primera temporada en el Centro Aut\u00f3nomico de tecnificaci\u00f3n (CAT) de la Federaci\u00f3n Valenciana en Alzira se han realizado los s\u00e1bados un total de 20 entrenamientos de tecnificaci\u00f3n con la participaci\u00f3n de m\u00e1s de 400 ni\u00f1os y ni\u00f1as de las localidades de Alginet, Algemes\u00ed, San Juanito, Cullera y Alzira. Entrenamientos en edad escolar para fomentar el deporte base en el que los deportistas han compartido experiencias y mejorado el nivel t\u00e9cnico. Todo esto se ha podido realizar gracias a un convenio de colaboraci\u00f3n entre el Ayuntamiento de Alzira y la Federaci\u00f3n Valenciana de Judo.<\/p>\n<p>#judo #judolife #judoinfantil #alcira #Alzira #fontanamogort #judoclubalzira<\/p>\n<p><a href=\"https:\/\/esportsmunicipalsalzira.com\/wp-content\/uploads\/2025\/08\/528422106_1327216445433599_1870971848277883077_n.jpg\"><img decoding=\"async\" class=\"wp_automatic_fb_img\" title=\"\" src=\"https:\/\/esportsmunicipalsalzira.com\/wp-content\/uploads\/2025\/08\/528422106_1327216445433599_1870971848277883077_n.jpg\" \/><\/a><br \/>\n<br \/>\n<br \/><a href=\"https:\/\/www.facebook.com\/100063537194811\/posts\/1353440316783862\">source<\/a>  <\/p>","protected":false},"excerpt":{"rendered":"<p>La primera temporada en el Centro Aut\u00f3nomico de tecnificaci\u00f3n (CAT) de la Federaci\u00f3n Valenciana en Alzira se han realizado los s\u00e1bados un total de 20 entrenamientos de tecnificaci\u00f3n con la participaci\u00f3n de m\u00e1s 400 ni\u00f1os y ni\u00f1as de las localidades de Alginet, Algemes\u00ed, Sant Joanet, Cullera y Alzira. Entrenamientos en edad escolar para fomentar el [&hellip;]<\/p>\n","protected":false},"author":2,"featured_media":9405,"comment_status":"closed","ping_status":"closed","sticky":false,"template":"","format":"standard","meta":{"footnotes":""},"categories":[1],"tags":[],"class_list":["post-9404","post","type-post","status-publish","format-standard","has-post-thumbnail","hentry","category-esports-alzira"],"featured_image_src":{"landsacpe":["https:\/\/esportsmunicipalsalzira.com\/wp-content\/uploads\/2025\/08\/528422106_1327216445433599_1870971848277883077_n-1140x445.jpg",1140,445,true],"list":["https:\/\/esportsmunicipalsalzira.com\/wp-content\/uploads\/2025\/08\/528422106_1327216445433599_1870971848277883077_n-463x348.jpg",463,348,true],"medium":["https:\/\/esportsmunicipalsalzira.com\/wp-content\/uploads\/2025\/08\/528422106_1327216445433599_1870971848277883077_n-300x189.jpg",300,189,true],"full":["https:\/\/esportsmunicipalsalzira.com\/wp-content\/uploads\/2025\/08\/528422106_1327216445433599_1870971848277883077_n.jpg",1440,908,false]},"_links":{"self":[{"href":"https:\/\/esportsmunicipalsalzira.com\/es\/wp-json\/wp\/v2\/posts\/9404","targetHints":{"allow":["GET"]}}],"collection":[{"href":"https:\/\/esportsmunicipalsalzira.com\/es\/wp-json\/wp\/v2\/posts"}],"about":[{"href":"https:\/\/esportsmunicipalsalzira.com\/es\/wp-json\/wp\/v2\/types\/post"}],"author":[{"embeddable":true,"href":"https:\/\/esportsmunicipalsalzira.com\/es\/wp-json\/wp\/v2\/users\/2"}],"replies":[{"embeddable":true,"href":"https:\/\/esportsmunicipalsalzira.com\/es\/wp-json\/wp\/v2\/comments?post=9404"}],"version-history":[{"count":0,"href":"https:\/\/esportsmunicipalsalzira.com\/es\/wp-json\/wp\/v2\/posts\/9404\/revisions"}],"wp:featuredmedia":[{"embeddable":true,"href":"https:\/\/esportsmunicipalsalzira.com\/es\/wp-json\/wp\/v2\/media\/9405"}],"wp:attachment":[{"href":"https:\/\/esportsmunicipalsalzira.com\/es\/wp-json\/wp\/v2\/media?parent=9404"}],"wp:term":[{"taxonomy":"category","embeddable":true,"href":"https:\/\/esportsmunicipalsalzira.com\/es\/wp-json\/wp\/v2\/categories?post=9404"},{"taxonomy":"post_tag","embeddable":true,"href":"https:\/\/esportsmunicipalsalzira.com\/es\/wp-json\/wp\/v2\/tags?post=9404"}],"curies":[{"name":"wp","href":"https:\/\/api.w.org\/{rel}","templated":true}]}}