{"id":9418,"date":"2025-08-25T14:10:03","date_gmt":"2025-08-25T12:10:03","guid":{"rendered":"https:\/\/esportsmunicipalsalzira.com\/atencion-familia-blaugrana-el-proximo-miercoles-anunciaremos-los-horarios-oficiales-de-la-temporada-de-todos-los-e\/"},"modified":"2025-08-25T14:10:03","modified_gmt":"2025-08-25T12:10:03","slug":"atencion-familia-blaugrana-el-proximo-miercoles-anunciaremos-los-horarios-oficiales-de-la-temporada-de-todos-los-e","status":"publish","type":"post","link":"https:\/\/esportsmunicipalsalzira.com\/es\/atencion-familia-blaugrana-el-proximo-miercoles-anunciaremos-los-horarios-oficiales-de-la-temporada-de-todos-los-e\/","title":{"rendered":"\u00a1Atenci\u00f3n, familia azulgrana! El pr\u00f3ximo mi\u00e9rcoles anunciaremos los horarios oficiales de la temporada de todos los e"},"content":{"rendered":"<p><br \/>\n\u26bd \u00a1Atenci\u00f3n, familia azulgrana!<\/p>\n<p>\ud83d\udcc5 El pr\u00f3ximo mi\u00e9rcoles anunciaremos los horarios oficiales de la temporada de todos los equipos del f\u00fatbol base.<\/p>\n<p>\u26a1 Algunos equipos ya han arrancado, pero el 1 de septiembre empezar\u00e1 el resto.<br \/>\n\u2139\ufe0f Adem\u00e1s, a lo largo de esta semana, los jugadores ya inscritos recibir\u00e1n la informaci\u00f3n sobre el inicio de sus equipos.<\/p>\n<p>\ud83d\udc49 Si est\u00e1s interesado en jugar con nosotros, pasa por las oficinas de Venecia de 17:30 a 21:00 e informate.<\/p>\n<p>\ud83d\udc99\u2764\ufe0f\u00a1Forma parte de la UD Alzira y vive el f\u00fatbol como nunca!<br \/>\n__<br \/>\n\u26bd \u00a1Atenci\u00f3n, familia azulgrana!<\/p>\n<p>\ud83d\udcc5 El pr\u00f3ximo mi\u00e9rcoles anunciaremos los horarios oficiales de la temporada de todos los equipos del f\u00fatbol base.<\/p>\n<p>\u26a1 Algunos equipos ya han arrancado, pero el 1 de septiembre empezar\u00e1 el resto.<br \/>\n\u2139\ufe0f Adem\u00e1s, a lo largo de esta semana, los jugadores ya inscritos recibir\u00e1n la informaci\u00f3n sobre el inicio de sus equipos.<\/p>\n<p>\ud83d\udc49 Si est\u00e1s interesado en jugar con nosotros, pasa por las oficinas de Venecia de 17.30 a 21.00 e inf\u00f3rmate.<\/p>\n<p>\ud83d\udc99\u2764\ufe0fForma parte de la UD Alzira y vive el f\u00fatbol como nunca!<\/p>\n<p>#UDAlzira | #ADNVenecia<\/p>\n<p><a href=\"https:\/\/esportsmunicipalsalzira.com\/wp-content\/uploads\/2025\/09\/538663588_1359851102808753_3085813682600417982_n.jpg\"><img decoding=\"async\" class=\"wp_automatic_fb_img\" title=\"\" src=\"https:\/\/esportsmunicipalsalzira.com\/wp-content\/uploads\/2025\/09\/538663588_1359851102808753_3085813682600417982_n.jpg\" \/><\/a><br \/>\n<br \/>\n<br \/><a href=\"https:\/\/www.facebook.com\/100063537194811\/posts\/1378581530936407\">source<\/a>  <\/p>","protected":false},"excerpt":{"rendered":"<p>\u26bd \u00a1Atenci\u00f3n, familia blaugrana! \ud83d\udcc5 El pr\u00f3ximo mi\u00e9rcoles anunciaremos los horarios oficiales de la temporada de todos los equipos del f\u00fatbol base. \u26a1 Algunos equipos ya han arrancado, pero el 1 de septiembre comenzar\u00e1 el resto. \u2139\ufe0f Adem\u00e1s, a lo largo de esta semana, los jugadores ya inscritos recibir\u00e1n la informaci\u00f3n sobre el inicio de [&hellip;]<\/p>\n","protected":false},"author":2,"featured_media":9419,"comment_status":"closed","ping_status":"closed","sticky":false,"template":"","format":"standard","meta":{"footnotes":""},"categories":[1],"tags":[],"class_list":["post-9418","post","type-post","status-publish","format-standard","has-post-thumbnail","hentry","category-esports-alzira"],"featured_image_src":{"landsacpe":["https:\/\/esportsmunicipalsalzira.com\/wp-content\/uploads\/2025\/09\/538663588_1359851102808753_3085813682600417982_n-1080x445.jpg",1080,445,true],"list":["https:\/\/esportsmunicipalsalzira.com\/wp-content\/uploads\/2025\/09\/538663588_1359851102808753_3085813682600417982_n-463x348.jpg",463,348,true],"medium":["https:\/\/esportsmunicipalsalzira.com\/wp-content\/uploads\/2025\/09\/538663588_1359851102808753_3085813682600417982_n-225x300.jpg",225,300,true],"full":["https:\/\/esportsmunicipalsalzira.com\/wp-content\/uploads\/2025\/09\/538663588_1359851102808753_3085813682600417982_n.jpg",1080,1440,false]},"_links":{"self":[{"href":"https:\/\/esportsmunicipalsalzira.com\/es\/wp-json\/wp\/v2\/posts\/9418","targetHints":{"allow":["GET"]}}],"collection":[{"href":"https:\/\/esportsmunicipalsalzira.com\/es\/wp-json\/wp\/v2\/posts"}],"about":[{"href":"https:\/\/esportsmunicipalsalzira.com\/es\/wp-json\/wp\/v2\/types\/post"}],"author":[{"embeddable":true,"href":"https:\/\/esportsmunicipalsalzira.com\/es\/wp-json\/wp\/v2\/users\/2"}],"replies":[{"embeddable":true,"href":"https:\/\/esportsmunicipalsalzira.com\/es\/wp-json\/wp\/v2\/comments?post=9418"}],"version-history":[{"count":0,"href":"https:\/\/esportsmunicipalsalzira.com\/es\/wp-json\/wp\/v2\/posts\/9418\/revisions"}],"wp:featuredmedia":[{"embeddable":true,"href":"https:\/\/esportsmunicipalsalzira.com\/es\/wp-json\/wp\/v2\/media\/9419"}],"wp:attachment":[{"href":"https:\/\/esportsmunicipalsalzira.com\/es\/wp-json\/wp\/v2\/media?parent=9418"}],"wp:term":[{"taxonomy":"category","embeddable":true,"href":"https:\/\/esportsmunicipalsalzira.com\/es\/wp-json\/wp\/v2\/categories?post=9418"},{"taxonomy":"post_tag","embeddable":true,"href":"https:\/\/esportsmunicipalsalzira.com\/es\/wp-json\/wp\/v2\/tags?post=9418"}],"curies":[{"name":"wp","href":"https:\/\/api.w.org\/{rel}","templated":true}]}}