{"id":9422,"date":"2025-09-02T09:09:00","date_gmt":"2025-09-02T07:09:00","guid":{"rendered":"https:\/\/esportsmunicipalsalzira.com\/internacional-u26aa3-jugadors-i-3-jugadores-integren-la-categoria-sub15-de-la-selecciu00f3-de-la-comunitat-valenciana\/"},"modified":"2025-09-02T09:09:00","modified_gmt":"2025-09-02T07:09:00","slug":"internacional-u26aa3-jugadors-i-3-jugadores-integren-la-categoria-sub15-de-la-selecciu00f3-de-la-comunitat-valenciana","status":"publish","type":"post","link":"https:\/\/esportsmunicipalsalzira.com\/es\/internacional-u26aa3-jugadors-i-3-jugadores-integren-la-categoria-sub15-de-la-selecciu00f3-de-la-comunitat-valenciana\/","title":{"rendered":"INTERNACIONAL \\u26aa3 jugadores y 3 jugadoras integran la categor\u00eda sub15 de la selecci\\u00f3n de la Comunidad Valenciana"},"content":{"rendered":"<p><br \/>\n<img decoding=\"async\"  title=\"\" src=\"https:\/\/esportsmunicipalsalzira.com\/wp-content\/uploads\/2025\/09\/542894123_1287996659071843_6440977333118838845_n.jpg\" \/><\/a><br \/>INTERNACIONAL \u26aa3 jugadors i 3 jugadores integren la categoria sub15 de la selecci\u00f3 de la Comunitat Valenciana que aquest dimecres es despla\u00e7a a Ath (B\u00e8lgica) per a disputar el Campionat d&#8217;Europa de Pilota a M\u00e0. Ells i elles es conten les seues sensacions en les hores pr\u00e8vies a la gran cita.<\/p>\n<p>#moulapilota<br \/>\nGeneralitat Valenciana<br \/>\nDiputaci\u00f3 de Val\u00e8ncia<\/p>\n<p>INTERNACIONAL \\u26aa3 jugadors i 3 jugadores integren la categoria sub15 de la selecci\\u00f3 de la Comunitat Valenciana que aquest dimecres es despla\\u00e7a a Ath (B\\u00e8lgica) per a disputar el Campionat d&#8217;Europa de Pilota a M\\u00e0. Ells i elles es conten les seues sensacions en les hores pr\\u00e8vies a la gran cita.\\n\\n#moulapilota   \\nGeneralitat Valenciana \\nDiputaci\\u00f3 de Val\\u00e8ncia&#8221;},&#8221;is_text_only_story&#8221;:false,&#8221;id&#8221;:&#8221;UzpfSTEwMDA2NDY5Mzg5NjM0NDoxMjE3NDAwMTIwNDI2NDQwOjEyMTc0MDAxMjA0MjY0NDA=&#8221;},&#8221;__module_operation_CometFeedStoryAttachedStory_story&#8221;:{&#8220;__dr&#8221;:&#8221;CometFeedStoryInvertedAttachedStoryLayoutStrategy_attachedStoryLayout$normalization.graphql&#8221;},&#8221;__module_component_CometFeedStoryAttachedStory_story&#8221;:{&#8220;__dr&#8221;:&#8221;CometFeedStoryInvertedAttachedStoryLayoutStrategy.react&#8221;}},&#8221;attached_story&#8221;:null}},&#8221;id&#8221;:&#8221;UzpfSTEwMDA2MzUzNzE5NDgxMToxMzc5MzY1NzAwODU3OTkwOjEzNzkzNjU3MDA4NTc5OTA=&#8221;},&#8221;__module_operation_CometFeedStoryAttachedStoryMatchRenderer_story&#8221;:{&#8220;__dr&#8221;:&#8221;CometFeedStoryAttachedStoryStrategy_attachedStory$normalization.graphql&#8221;},&#8221;__module_component_CometFeedStoryAttachedStoryMatchRenderer_story&#8221;:{&#8220;__dr&#8221;:&#8221;CometFeedStoryAttachedStoryStrategy.react&#8221;}},&#8221;message&#8221;:null,&#8221;message_suffix&#8221;:null,&#8221;message_container&#8221;:null,&#8221;message_sticker&#8221;:null,&#8221;aggregated_stories&#8221;:null},&#8221;encrypted_tracking&#8221;:&#8221;AZXlHsj2mwWca6sppaoXMhQU_JP5lBqvX93qhxORInz8ZcJj3Rt9SogsIoA0h0vtsNgISxgyMb6OfBCMSVZmSPZDfQbBcsl5eBYYEM2FguyrnscsrmzpfX1qk0EIaO89NOuOTx46xcP1bYowV1aYoJGbDL&#8211;_6YCCwuckhUKEwUtq2_Ow09Nb06VCJKuvoGKqkWylQVijxHAo6EsNpHu5EJ1jIzCnctkfM5OYOngg9UdVNkHxhjwn-mBY1s695HfwBF0RQS5ce6-9OXK4EW39pZFXu10d-8eGFAZzQext-22goL0t1AAngJLO60AX1R6c2DWauHCiEzE_1b76m-8DF1PuM7L3d4SOmpcYny9JHc5jmEwBvBhlOlXMzFXZG5pQqFogi3UV7odrout3UcDrB9xv-TT3J6qFdaefCEnbvd9KUSgfsvBDjcNO3ew98k3EXpSo4RoSfsO8s4tI3g5NOWHTcp7RLYjJNtqxqMmOlRMCWd_bl0UasfSTXcI4V9_a-wnEZDEQFQvURubCszqjejxZft-IxHNLbcYrdUCSuQ90pdKHZQBpsbZ3FcYJ9wgj87jgB8C0bd_KbBHWLhoQbSo38zNS-rOU53iVzZO3PHRP85HSoxN0PAMqEmUCiGlBe_V7qytuovr0WZFHqHbpM32nVQwiqAlS13zGLgekn-5btw3HpVAxziWvtkd6uhKrnwpUlOMnjHc3larMo9AC5kS_DSZoJE0VzxqYx8p_&#8211;xeatnglZH6pYeC998-fLPCdaXeBqUjHQcDV43sXCz5huUe6IKO1cjyKrJbsr7qyRBq-nGgAP3FkX3Q2GJoKxQYHvMWAk6sykFfuIcS0b0gCn6OUuEcdUuHac2_BD5cMgrIau1Wx-4f8WMbMjHqAfnpxVsX7Qj5HULctZzvJI-Ewp-cnUC1pdJeODZiQmNAA7Mn82MG1GyovNu4u3aYKi-xsw5O-4j2LXlQIa5yefIULttY5rWO4ycMlxCy3VuJBgedKUgam6jQsHTnuwo_DtOrZc0_UTG0ei9royMAfugtcSRqWAa-zQrgzeKJRkH7RqGyw3qa29nmC8QsopkkpoEDt4_gcxcxbbceSt4wnrg7IlEDDtvlKlhprM7VLKzvDAjP73iGKArc7cK4j21B-VOrL2IJuN2XvXSazEalbVlqBQ11ha_X27yshwDJGeHnJw4mKdoH-7FBm8SrG10dN5aYFvgdJIAq05bbsbEmYyWntZeWhtaMi-uyW4Qmz9suFm43tl0yAyVQfFuV_zH41rpuS1xShcUwDi3Nt7UDZ68xhQcEKMV-TQc_Qa3kqFalI4lVKJXIvdimwyDgtOyL0WXFFbIhGGtzuKlg4WSzm49zI4AcZ3VLTMTetvfD6w_cBTNs_g61uVhgEIte3PwxgJ9UpLpzP4XbaH_BQXY7nYhdGW5ijmJbUYd3KTChBn0Uspgo5vpTdc4ESu3KL8hGCu26vSQe9D_thSnuNpv-cRp5s9UkW54zbYbkqwnNteDqs11TlMM1Y3Sv6xjmj1ReysZ5MFb5hjMIPWyjdzvgaJIOuqL3oCl8GNwL1B-IYwB0gmBV3q72rADEu-YDNvFyFzz0GrzTBVY6UOWJbOQ6RFTBZRT&#8211;gH4jWQvXGGqzESx62wNq0_ndn8oZV6seSSWjac7FUG94YLkvr0zB5Achm6wOoP8d1oUvD5oG1CToCx1iKhWt0fKqa1JTj_dasfZ7G0FDg905L5Ehr82YKqPP8vxVUqCqiX8LU8DT4xVUrNiNDqHsp6VgsiR1Ok35slXi49OF3VXegl0j_nZHaHojufzHs4LGyrt2pJWaQIPz5SV1ZIV0qzndAw7JqXo4ScyUcGiy3KfVzOxMKaaBRA_YGv_QDK0dZw9f_qoKHaYs-RghXxm4gs2rzE8T0iJEiSYSnO4B-tb5ZXfF6icB2uIjl3ESK3jPVgA8Mk_C2A4xHgpc1vZ3wqUacc5sUZMs87rWsrVY0N3_TfwxKQ0MF9E8oHRYiwR5asuLvJVA3aVm51-Zvgn6Xr1ZLM2empkiNtcJjlnkFzl1E8FKpJC37ghxNOzG2F2yeWnQmRT7GAJbroxcfIkSH3LKOdCrwM7oJvIWOoUUpYFybQkptViXMnK2gUqESFmrqFhjwcWHjjZ2xWpP4ofUEGwys-T9WG-EnUDb-tWtLxMoY7k7c-UP4ip8p_83z3icWZh7J31aoNLaBuutIXeSUBGQaayR6y4bZgQJMtCUcTjHMyvXrPR_m2TX9irjLqiKyqaW9Z9G9Qp6gzBOV3_zGkKm2MWWvkXrMpDIxMQqRvaL9MRHrufBd4EQHlET24l858YNJrwUGEbb_7oq1KvD5RpjUW_YGew5uBXkh8MG_i0bq_WFvv45NXPspq5gkF6Vm1JJs3DsBGsLu8uG4ArEkNXpC0VEhMd5bBF-uFT3zAI3ZNotpOGu1WdsVqYYzqaGEMf-EXxIcwVRYIyJM9ay0DCRKSZKvC-npt5WLH0z7bStpIuVzg2kK2CxlInt1ug3M-S5drw26zjka-GzTANGRIvMEtbm9ir4ZkuDrOYtOpYRwDMruAl-lECXhrNg7i66y-R28ZH3rZwUmxuoYMwUVRaXXILSlbbSjm17QVUzn8VyD5uK5gUOANeVx_dDTAqkrr__Zq_acy8ZHpa4ZkV5XrI9ynMjOq_lryu6pSY_D6KandJuKAD940B9rJbD-s3uLEB3ywnUTsl_v8n3UPu8tZoKqaHCzZ7u8n0BV9mbyRamtahWvhrdMlV7bH-ZQI0D-4PBZxxJ0QS44K6ZnViOsfW03Qo8JOEw-PHB4zIGb1MeBzjUxwezZpAJtOaXCqYqzFY0whRRgH7AgDUk8LgAqlrAK9PdNgF0sBOi0mBcxDCjQZ_U9xBqB6kAc8Z3D2EKprM8Xb5tJ7VBttnEL304XfKdYhA24K9JktM2KWT35E4P6Ix2rBq7zUtY572hAXDGj3SpYblaatoU-tSWNR0NwkN1aNhvekXrCmFWCDeP5GzoMbaSadP0qXI2D-1b_kFmcV932ONZAnbp4NQhviR36qyiAX11Fg9e5FTcRGLm45FGF0NBzVbsYV3I6RNKD54x01QOrCTy0JpLy2A0d4Fr9uHbbQGmzEBx236FImX0oNTO1_caTywBQ378oW9lPY5WAYfttrAvMI6P5kD3OmA3R-aB_O2iP7VZ4HVrfZoaH_6cmC3BM5cKvBIa85BNRVtIMsjWnD6222F5JyNlSFXzd8X7WCV88nlVhBlP4kgOnsSQ4MzMZq4qU60Nu3qgFC-wDBpj3MV_MiblRlxlzvtb3n4uj3HKfiUIIKc4qP-ZoTXTATuPGPOMLmJ8e2Z_m5CrD4PuuA5KYd33TZ6SbtblLEM6u33DlKF_ZpXtqc8kZcIN_L3fcpZin4r0AzE3D4VHt3f4cY0iobKKBTh7F-m66jQoy596Jg39Ci9n4zIwowj9Qm7au3hnY4YJcBTRbgU1wf5Z1jvc67J4SCkxDjdm9lhOgrKPyk6srjTHSqfpNjg_q4awEeK_hbfGc9ZjjBFsilPgDL-pJcRoCmioVJnFa6nzhpX_2PyETQEcYhw0Krex3iDkv8BC6xdmtP-w_16jcr6kwkR3_nsVh9bbs0JQYpUW1RZTLmgnCdyjT_s563mIOO97X-OVJxvLh1tevUzDyJibHrVExLx9xRxaJQ-aAacHBL3adkYP3NkAvhDqva6F7aZ69q_wM40aW10fiux_JEcjq11Wjnkt9j_OmowA<\/p>\n<div id=\"fb-root\"><\/div><script>window.fbAsyncInit = function() {FB.init({appId      : '',xfbml      : true,version    : 'v2.5'});var my_video_player;FB.Event.subscribe('xfbml.ready', function(msg) {if (msg.type === 'video') {my_video_player = msg.instance; my_video_player.unmute();}});};(function(d, s, id) {  var js, fjs = d.getElementsByTagName(s)[0];  if (d.getElementById(id)) return;  js = d.createElement(s); js.id = id;  js.src = \"\/\/connect.facebook.net\/en_US\/sdk.js#xfbml=1&version=v2.3\";  fjs.parentNode.insertBefore(js, fjs);}(document, 'script', 'facebook-jssdk'));  <\/script><div class=\"fb-video\"    data-autoplay=\"false\" data-width=\"500\" data-allowfullscreen=\"true\" data-href=\"https:\/\/www.facebook.com\/video.php?v=2715123148837250&set=vb.500808182&type=1\"><div class=\"fb-xfbml-parse-ignore\"><\/div><\/div>\n\n\n\t\n\n<br \/>\n<br \/>\n<br \/><a href=\"https:\/\/www.facebook.com\/100063537194811\/posts\/1379365700857990\">Source<\/a>  <\/p>\n","protected":false},"excerpt":{"rendered":"<p>INTERNACIONAL \u26aa3 jugadors i 3 jugadores integren la categoria sub15 de la selecci\u00f3 de la Comunitat Valenciana que aquest dimecres es despla\u00e7a a Ath (B\u00e8lgica) per a disputar el Campionat d&#8217;Europa de Pilota a M\u00e0. Ells i elles es conten les seues sensacions en les hores pr\u00e8vies a la gran cita. #moulapilota Generalitat Valenciana Diputaci\u00f3 [&hellip;]<\/p>\n","protected":false},"author":2,"featured_media":9423,"comment_status":"closed","ping_status":"closed","sticky":false,"template":"","format":"standard","meta":{"footnotes":""},"categories":[1],"tags":[],"class_list":["post-9422","post","type-post","status-publish","format-standard","has-post-thumbnail","hentry","category-esports-alzira"],"featured_image_src":{"landsacpe":["https:\/\/esportsmunicipalsalzira.com\/wp-content\/uploads\/2025\/09\/542894123_1287996659071843_6440977333118838845_n-1140x445.jpg",1140,445,true],"list":["https:\/\/esportsmunicipalsalzira.com\/wp-content\/uploads\/2025\/09\/542894123_1287996659071843_6440977333118838845_n-463x348.jpg",463,348,true],"medium":["https:\/\/esportsmunicipalsalzira.com\/wp-content\/uploads\/2025\/09\/542894123_1287996659071843_6440977333118838845_n-300x169.jpg",300,169,true],"full":["https:\/\/esportsmunicipalsalzira.com\/wp-content\/uploads\/2025\/09\/542894123_1287996659071843_6440977333118838845_n.jpg",1920,1080,false]},"_links":{"self":[{"href":"https:\/\/esportsmunicipalsalzira.com\/es\/wp-json\/wp\/v2\/posts\/9422","targetHints":{"allow":["GET"]}}],"collection":[{"href":"https:\/\/esportsmunicipalsalzira.com\/es\/wp-json\/wp\/v2\/posts"}],"about":[{"href":"https:\/\/esportsmunicipalsalzira.com\/es\/wp-json\/wp\/v2\/types\/post"}],"author":[{"embeddable":true,"href":"https:\/\/esportsmunicipalsalzira.com\/es\/wp-json\/wp\/v2\/users\/2"}],"replies":[{"embeddable":true,"href":"https:\/\/esportsmunicipalsalzira.com\/es\/wp-json\/wp\/v2\/comments?post=9422"}],"version-history":[{"count":0,"href":"https:\/\/esportsmunicipalsalzira.com\/es\/wp-json\/wp\/v2\/posts\/9422\/revisions"}],"wp:featuredmedia":[{"embeddable":true,"href":"https:\/\/esportsmunicipalsalzira.com\/es\/wp-json\/wp\/v2\/media\/9423"}],"wp:attachment":[{"href":"https:\/\/esportsmunicipalsalzira.com\/es\/wp-json\/wp\/v2\/media?parent=9422"}],"wp:term":[{"taxonomy":"category","embeddable":true,"href":"https:\/\/esportsmunicipalsalzira.com\/es\/wp-json\/wp\/v2\/categories?post=9422"},{"taxonomy":"post_tag","embeddable":true,"href":"https:\/\/esportsmunicipalsalzira.com\/es\/wp-json\/wp\/v2\/tags?post=9422"}],"curies":[{"name":"wp","href":"https:\/\/api.w.org\/{rel}","templated":true}]}}