{"id":9432,"date":"2025-08-31T14:19:52","date_gmt":"2025-08-31T12:19:52","guid":{"rendered":"https:\/\/esportsmunicipalsalzira.com\/lalzireny-adri-climent-jugador-del-club-de-tenis-alzira-ha-guanyat-el-seu-primer-torneig-europeu-individual-de-tenis\/"},"modified":"2025-08-31T14:19:52","modified_gmt":"2025-08-31T12:19:52","slug":"lalzireny-adri-climent-jugador-del-club-de-tenis-alzira-ha-guanyat-el-seu-primer-torneig-europeu-individual-de-tenis","status":"publish","type":"post","link":"https:\/\/esportsmunicipalsalzira.com\/es\/lalzireny-adri-climent-jugador-del-club-de-tenis-alzira-ha-guanyat-el-seu-primer-torneig-europeu-individual-de-tenis\/","title":{"rendered":"El alzire\u00f1o Adri Climent, jugador del Club de Tenis Alzira ha ganado su primer torneo europeo individual de tenis,"},"content":{"rendered":"<p><br \/>\nEl alzire\u00f1o Adri Climent, jugador del Club de Tenis Alzira ha ganado su primer torneo europeo individual de tenis, el ITF junior de Cluj Napoca en Ruman\u00eda. Es el segundo torneo internacional que logra tras el de dobles de Benidorm que gan\u00f3 hace unas semanas. Adri se deshizo de tres jugadores rumanos: David Burac (cabeza de serie n\u00ba 2, Adri era el 10) 61 64, Denis Dragomir 46 75 61 y Ciprian Florincas 60 62. En semifinales ayer gan\u00f3 el brit\u00e1nico Isaac Sallu por un doble 63 y hoy en la final 6<br \/>\nAdri hoy celebr\u00f3 su triunfo enfund\u00e1ndose la camiseta del Family Cash Alzira FS (en otras ocasiones se puso la de la UD Alzira).<br \/>\nEsta semana le entrevistaremos en \u00c1rea Deportiva en los estudios de Alzira Radio.<\/p>\n<p><a href=\"https:\/\/esportsmunicipalsalzira.com\/wp-content\/uploads\/2025\/09\/542611581_1328052389329353_6477556213291319086_n.jpg\"><img decoding=\"async\" class=\"wp_automatic_fb_img\" title=\"\" src=\"https:\/\/esportsmunicipalsalzira.com\/wp-content\/uploads\/2025\/09\/542611581_1328052389329353_6477556213291319086_n.jpg\" \/><\/a><br \/><a href=\"https:\/\/esportsmunicipalsalzira.com\/wp-content\/uploads\/2025\/09\/542753015_1328052565996002_3419498705861987048_n.jpg\"><img decoding=\"async\" class=\"wp_automatic_fb_img\" title=\"\" src=\"https:\/\/esportsmunicipalsalzira.com\/wp-content\/uploads\/2025\/09\/542753015_1328052565996002_3419498705861987048_n.jpg\" \/><\/a><br \/><a href=\"https:\/\/esportsmunicipalsalzira.com\/wp-content\/uploads\/2025\/09\/541737732_1328053099329282_1264947507025411742_n.jpg\"><img decoding=\"async\" class=\"wp_automatic_fb_img\" title=\"\" src=\"https:\/\/esportsmunicipalsalzira.com\/wp-content\/uploads\/2025\/09\/541737732_1328053099329282_1264947507025411742_n.jpg\" \/><\/a><br \/>\n<br \/>\n<br \/><a href=\"https:\/\/www.facebook.com\/100063537194811\/posts\/1380322777428949\">source<\/a>  <\/p>","protected":false},"excerpt":{"rendered":"<p>L&#8217;alzireny Adri Climent, jugador del Club de Tenis Alzira ha guanyat el seu primer torneig europeu individual de tenis, l&#8217;ITF junior de Cluj Napoca a Romania. \u00c9s el segon torneig internacional que aconseguix despr\u00e9s del de dobles de Benidorm que guany\u00e0 fa unes setmanes. Adri es va desfer de tres jugadors romanesos: David Burac (cap [&hellip;]<\/p>\n","protected":false},"author":2,"featured_media":9433,"comment_status":"closed","ping_status":"closed","sticky":false,"template":"","format":"standard","meta":{"footnotes":""},"categories":[1],"tags":[],"class_list":["post-9432","post","type-post","status-publish","format-standard","has-post-thumbnail","hentry","category-esports-alzira"],"featured_image_src":{"landsacpe":["https:\/\/esportsmunicipalsalzira.com\/wp-content\/uploads\/2025\/09\/542611581_1328052389329353_6477556213291319086_n-980x445.jpg",980,445,true],"list":["https:\/\/esportsmunicipalsalzira.com\/wp-content\/uploads\/2025\/09\/542611581_1328052389329353_6477556213291319086_n-463x348.jpg",463,348,true],"medium":["https:\/\/esportsmunicipalsalzira.com\/wp-content\/uploads\/2025\/09\/542611581_1328052389329353_6477556213291319086_n-300x300.jpg",300,300,true],"full":["https:\/\/esportsmunicipalsalzira.com\/wp-content\/uploads\/2025\/09\/542611581_1328052389329353_6477556213291319086_n.jpg",980,980,false]},"_links":{"self":[{"href":"https:\/\/esportsmunicipalsalzira.com\/es\/wp-json\/wp\/v2\/posts\/9432","targetHints":{"allow":["GET"]}}],"collection":[{"href":"https:\/\/esportsmunicipalsalzira.com\/es\/wp-json\/wp\/v2\/posts"}],"about":[{"href":"https:\/\/esportsmunicipalsalzira.com\/es\/wp-json\/wp\/v2\/types\/post"}],"author":[{"embeddable":true,"href":"https:\/\/esportsmunicipalsalzira.com\/es\/wp-json\/wp\/v2\/users\/2"}],"replies":[{"embeddable":true,"href":"https:\/\/esportsmunicipalsalzira.com\/es\/wp-json\/wp\/v2\/comments?post=9432"}],"version-history":[{"count":0,"href":"https:\/\/esportsmunicipalsalzira.com\/es\/wp-json\/wp\/v2\/posts\/9432\/revisions"}],"wp:featuredmedia":[{"embeddable":true,"href":"https:\/\/esportsmunicipalsalzira.com\/es\/wp-json\/wp\/v2\/media\/9433"}],"wp:attachment":[{"href":"https:\/\/esportsmunicipalsalzira.com\/es\/wp-json\/wp\/v2\/media?parent=9432"}],"wp:term":[{"taxonomy":"category","embeddable":true,"href":"https:\/\/esportsmunicipalsalzira.com\/es\/wp-json\/wp\/v2\/categories?post=9432"},{"taxonomy":"post_tag","embeddable":true,"href":"https:\/\/esportsmunicipalsalzira.com\/es\/wp-json\/wp\/v2\/tags?post=9432"}],"curies":[{"name":"wp","href":"https:\/\/api.w.org\/{rel}","templated":true}]}}