{"id":9477,"date":"2025-09-13T12:33:51","date_gmt":"2025-09-13T10:33:51","guid":{"rendered":"https:\/\/esportsmunicipalsalzira.com\/sabado-13-de-septiembre-en-la-v-fira-de-lesport-un-ano-mas-dando-visibilidad-a-nuestro-deporte-el-judo-informando\/"},"modified":"2025-09-13T12:33:51","modified_gmt":"2025-09-13T10:33:51","slug":"sabado-13-de-septiembre-en-la-v-fira-de-lesport-un-ano-mas-dando-visibilidad-a-nuestro-deporte-el-judo-informando","status":"publish","type":"post","link":"https:\/\/esportsmunicipalsalzira.com\/es\/sabado-13-de-septiembre-en-la-v-fira-de-lesport-un-ano-mas-dando-visibilidad-a-nuestro-deporte-el-judo-informando\/","title":{"rendered":"S\u00e1bado 13 de septiembre en la \u201cV Feria del Deporte\u201d. Un a\u00f1o m\u00e1s dando visibilidad a nuestro deporte, el Judo, informando"},"content":{"rendered":"<p><br \/>\nS\u00e1bado 13 de septiembre en la \u201cV Feria del Deporte\u201d.<br \/>\nUn a\u00f1o m\u00e1s dando visibilidad a nuestro deporte, Judo, informando a padres y gente interesada sobre qu\u00e9 pueden encontrarse en nuestras clases.<br \/>\nGracias a todos por venir\ud83d\ude47\ud83c\udffb\u200d\u2642\ufe0f\ud83e\udd4b<\/p>\n<p><a href=\"https:\/\/esportsmunicipalsalzira.com\/wp-content\/uploads\/2025\/09\/547371963_1358413768980533_4924775871343887596_n.jpg\"><img decoding=\"async\" class=\"wp_automatic_fb_img\" title=\"\" src=\"https:\/\/esportsmunicipalsalzira.com\/wp-content\/uploads\/2025\/09\/547371963_1358413768980533_4924775871343887596_n.jpg\" \/><\/a><br \/><a href=\"https:\/\/esportsmunicipalsalzira.com\/wp-content\/uploads\/2025\/09\/546420092_1358413765647200_3295782036617927104_n.jpg\"><img decoding=\"async\" class=\"wp_automatic_fb_img\" title=\"\" src=\"https:\/\/esportsmunicipalsalzira.com\/wp-content\/uploads\/2025\/09\/546420092_1358413765647200_3295782036617927104_n.jpg\" \/><\/a><br \/><a href=\"https:\/\/esportsmunicipalsalzira.com\/wp-content\/uploads\/2025\/09\/548191735_1358413775647199_3704236172314839801_n.jpg\"><img decoding=\"async\" class=\"wp_automatic_fb_img\" title=\"\" src=\"https:\/\/esportsmunicipalsalzira.com\/wp-content\/uploads\/2025\/09\/548191735_1358413775647199_3704236172314839801_n.jpg\" \/><\/a><br \/><a href=\"https:\/\/esportsmunicipalsalzira.com\/wp-content\/uploads\/2025\/09\/548230260_1358413762313867_7495565874418521939_n.jpg\"><img decoding=\"async\" class=\"wp_automatic_fb_img\" title=\"\" src=\"https:\/\/esportsmunicipalsalzira.com\/wp-content\/uploads\/2025\/09\/548230260_1358413762313867_7495565874418521939_n.jpg\" \/><\/a><br \/><a href=\"https:\/\/esportsmunicipalsalzira.com\/wp-content\/uploads\/2025\/09\/546481576_1358413772313866_3286469708937734056_n.jpg\"><img decoding=\"async\" class=\"wp_automatic_fb_img\" title=\"\" src=\"https:\/\/esportsmunicipalsalzira.com\/wp-content\/uploads\/2025\/09\/546481576_1358413772313866_3286469708937734056_n.jpg\" \/><\/a><br \/>\n<br \/>\n<br \/><a href=\"https:\/\/www.facebook.com\/100063537194811\/posts\/1389497489844811\">source<\/a>  <\/p>","protected":false},"excerpt":{"rendered":"<p>S\u00e1bado 13 de septiembre en la &#8220;V Fira de l&#8217;Esport&#8221;. Un a\u00f1o m\u00e1s dando visibilidad a nuestro deporte, el Judo, informando a padres y gente interesada sobre qu\u00e9 pueden encontrarse en nuestras clases. Gracias a todos por venir\ud83d\ude47\ud83c\udffb\u200d\u2642\ufe0f\ud83e\udd4b Source<\/p>","protected":false},"author":2,"featured_media":9478,"comment_status":"closed","ping_status":"closed","sticky":false,"template":"","format":"standard","meta":{"footnotes":""},"categories":[1],"tags":[],"class_list":["post-9477","post","type-post","status-publish","format-standard","has-post-thumbnail","hentry","category-esports-alzira"],"featured_image_src":{"landsacpe":["https:\/\/esportsmunicipalsalzira.com\/wp-content\/uploads\/2025\/09\/547371963_1358413768980533_4924775871343887596_n-1140x445.jpg",1140,445,true],"list":["https:\/\/esportsmunicipalsalzira.com\/wp-content\/uploads\/2025\/09\/547371963_1358413768980533_4924775871343887596_n-463x348.jpg",463,348,true],"medium":["https:\/\/esportsmunicipalsalzira.com\/wp-content\/uploads\/2025\/09\/547371963_1358413768980533_4924775871343887596_n-300x300.jpg",300,300,true],"full":["https:\/\/esportsmunicipalsalzira.com\/wp-content\/uploads\/2025\/09\/547371963_1358413768980533_4924775871343887596_n.jpg",1440,1440,false]},"_links":{"self":[{"href":"https:\/\/esportsmunicipalsalzira.com\/es\/wp-json\/wp\/v2\/posts\/9477","targetHints":{"allow":["GET"]}}],"collection":[{"href":"https:\/\/esportsmunicipalsalzira.com\/es\/wp-json\/wp\/v2\/posts"}],"about":[{"href":"https:\/\/esportsmunicipalsalzira.com\/es\/wp-json\/wp\/v2\/types\/post"}],"author":[{"embeddable":true,"href":"https:\/\/esportsmunicipalsalzira.com\/es\/wp-json\/wp\/v2\/users\/2"}],"replies":[{"embeddable":true,"href":"https:\/\/esportsmunicipalsalzira.com\/es\/wp-json\/wp\/v2\/comments?post=9477"}],"version-history":[{"count":0,"href":"https:\/\/esportsmunicipalsalzira.com\/es\/wp-json\/wp\/v2\/posts\/9477\/revisions"}],"wp:featuredmedia":[{"embeddable":true,"href":"https:\/\/esportsmunicipalsalzira.com\/es\/wp-json\/wp\/v2\/media\/9478"}],"wp:attachment":[{"href":"https:\/\/esportsmunicipalsalzira.com\/es\/wp-json\/wp\/v2\/media?parent=9477"}],"wp:term":[{"taxonomy":"category","embeddable":true,"href":"https:\/\/esportsmunicipalsalzira.com\/es\/wp-json\/wp\/v2\/categories?post=9477"},{"taxonomy":"post_tag","embeddable":true,"href":"https:\/\/esportsmunicipalsalzira.com\/es\/wp-json\/wp\/v2\/tags?post=9477"}],"curies":[{"name":"wp","href":"https:\/\/api.w.org\/{rel}","templated":true}]}}