{"id":9481,"date":"2025-09-14T23:49:07","date_gmt":"2025-09-14T21:49:07","guid":{"rendered":"https:\/\/esportsmunicipalsalzira.com\/el-tenista-dalzira-pedro-martinez-decissiu-en-la-remuntada-despanya-contra-dinamarca-en-la-copa-davismartinez-guanya\/"},"modified":"2025-09-14T23:49:07","modified_gmt":"2025-09-14T21:49:07","slug":"el-tenista-dalzira-pedro-martinez-decissiu-en-la-remuntada-despanya-contra-dinamarca-en-la-copa-davismartinez-guanya","status":"publish","type":"post","link":"https:\/\/esportsmunicipalsalzira.com\/es\/el-tenista-dalzira-pedro-martinez-decissiu-en-la-remuntada-despanya-contra-dinamarca-en-la-copa-davismartinez-guanya\/","title":{"rendered":"El tenista de Alzira Pedro Mart\u00ednez decisivo en la remontada de Espa\u00f1a contra Dinamarca en la Copa Davis Mart\u00ednez gan\u00f3"},"content":{"rendered":"<p><br \/>\nEl tenista de Alzira Pedro Mart\u00ednez decisivo en la remontada de Espa\u00f1a contra Dinamarca en la Copa Davis<\/p>\n<p>Mart\u00ednez gan\u00f3 el partido de dobles junto a Munar, y derrot\u00f3 a continuaci\u00f3n al n\u00ba 11 del mundo al dan\u00e9s Holger Run por 6-1, 4-6, y 7-6 pese a disponer al rival de un match ball. Igualando, as\u00ed, la eliminatoria despu\u00e9s de haber perdido a Carre\u00f1o y Munar los dos primeros partidos de individuales.<\/p>\n<p>Esta tarde Pablo Carre\u00f1o ha consumado la remontada, derrotando a Marbella al dan\u00e9s Elmer Moeller por 6-2, 6-3.<\/p>\n<p><a href=\"https:\/\/esportsmunicipalsalzira.com\/wp-content\/uploads\/2025\/09\/546629537_1219945120171907_7356705238225346254_n.jpg\"><img decoding=\"async\" class=\"wp_automatic_fb_img\" title=\"\" src=\"https:\/\/esportsmunicipalsalzira.com\/wp-content\/uploads\/2025\/09\/546629537_1219945120171907_7356705238225346254_n.jpg\" \/><\/a><br \/>\n<br \/>\n<br \/><a href=\"https:\/\/www.facebook.com\/100063537194811\/posts\/1391104446350782\">source<\/a>  <\/p>","protected":false},"excerpt":{"rendered":"<p>El tenista d&#8217;Alzira Pedro Mart\u00ednez decissiu en la remuntada d&#8217;Espanya contra Dinamarca en la Copa Davis Mart\u00ednez guany\u00e0 el partit de dobles junt a Munar, i derrot\u00e0 tot seguit al n\u00ba 11 del m\u00f3n el dan\u00e9s Holger Run per 6-1, 4-6, i 7-6 tot i disposar el rival d&#8217;un match ball. Igualant, aix\u00ed, l&#8217;eliminat\u00f2ria despr\u00e9s [&hellip;]<\/p>\n","protected":false},"author":2,"featured_media":9482,"comment_status":"closed","ping_status":"closed","sticky":false,"template":"","format":"standard","meta":{"footnotes":""},"categories":[1],"tags":[],"class_list":["post-9481","post","type-post","status-publish","format-standard","has-post-thumbnail","hentry","category-esports-alzira"],"featured_image_src":{"landsacpe":["https:\/\/esportsmunicipalsalzira.com\/wp-content\/uploads\/2025\/09\/546629537_1219945120171907_7356705238225346254_n-512x445.jpg",512,445,true],"list":["https:\/\/esportsmunicipalsalzira.com\/wp-content\/uploads\/2025\/09\/546629537_1219945120171907_7356705238225346254_n-463x348.jpg",463,348,true],"medium":["https:\/\/esportsmunicipalsalzira.com\/wp-content\/uploads\/2025\/09\/546629537_1219945120171907_7356705238225346254_n-240x300.jpg",240,300,true],"full":["https:\/\/esportsmunicipalsalzira.com\/wp-content\/uploads\/2025\/09\/546629537_1219945120171907_7356705238225346254_n.jpg",512,640,false]},"_links":{"self":[{"href":"https:\/\/esportsmunicipalsalzira.com\/es\/wp-json\/wp\/v2\/posts\/9481","targetHints":{"allow":["GET"]}}],"collection":[{"href":"https:\/\/esportsmunicipalsalzira.com\/es\/wp-json\/wp\/v2\/posts"}],"about":[{"href":"https:\/\/esportsmunicipalsalzira.com\/es\/wp-json\/wp\/v2\/types\/post"}],"author":[{"embeddable":true,"href":"https:\/\/esportsmunicipalsalzira.com\/es\/wp-json\/wp\/v2\/users\/2"}],"replies":[{"embeddable":true,"href":"https:\/\/esportsmunicipalsalzira.com\/es\/wp-json\/wp\/v2\/comments?post=9481"}],"version-history":[{"count":0,"href":"https:\/\/esportsmunicipalsalzira.com\/es\/wp-json\/wp\/v2\/posts\/9481\/revisions"}],"wp:featuredmedia":[{"embeddable":true,"href":"https:\/\/esportsmunicipalsalzira.com\/es\/wp-json\/wp\/v2\/media\/9482"}],"wp:attachment":[{"href":"https:\/\/esportsmunicipalsalzira.com\/es\/wp-json\/wp\/v2\/media?parent=9481"}],"wp:term":[{"taxonomy":"category","embeddable":true,"href":"https:\/\/esportsmunicipalsalzira.com\/es\/wp-json\/wp\/v2\/categories?post=9481"},{"taxonomy":"post_tag","embeddable":true,"href":"https:\/\/esportsmunicipalsalzira.com\/es\/wp-json\/wp\/v2\/tags?post=9481"}],"curies":[{"name":"wp","href":"https:\/\/api.w.org\/{rel}","templated":true}]}}