{"id":9495,"date":"2025-09-18T19:58:21","date_gmt":"2025-09-18T17:58:21","guid":{"rendered":"https:\/\/esportsmunicipalsalzira.com\/marta-garcia-y-mohamed-attaoui-sellan-su-pase-a-la-final-ella-logro-una-marca-de-1456-96-en-la-semifinal-de-los-5000m\/"},"modified":"2025-09-18T19:58:21","modified_gmt":"2025-09-18T17:58:21","slug":"marta-garcia-y-mohamed-attaoui-sellan-su-pase-a-la-final-ella-logro-una-marca-de-1456-96-en-la-semifinal-de-los-5000m","status":"publish","type":"post","link":"https:\/\/esportsmunicipalsalzira.com\/es\/marta-garcia-y-mohamed-attaoui-sellan-su-pase-a-la-final-ella-logro-una-marca-de-1456-96-en-la-semifinal-de-los-5000m\/","title":{"rendered":"Marta Garc\u00eda y Mohamed Attaoui sellan su pase a la final. Ella logr\u00f3 una marca de 14:56.96 en la semifinal de los 5000m"},"content":{"rendered":"<p><br \/>\nMarta Garc\u00eda y Mohamed Attaoui sellan su pase a la final.<\/p>\n<p>Ella logr\u00f3 una marca de 14:56.96 en la semifinal de los 5000m, suficiente para ganarse una plaza entre las mejores.<\/p>\n<p>El domin\u00f3 su serie de 800m y accedi\u00f3 con un tiempo de 1:43.18.<\/p>\n<p><a href=\"https:\/\/esportsmunicipalsalzira.com\/wp-content\/uploads\/2025\/09\/548323717_1094514049532002_29570182999850474_n.jpg\"><img decoding=\"async\" class=\"wp_automatic_fb_img\" title=\"\" src=\"https:\/\/esportsmunicipalsalzira.com\/wp-content\/uploads\/2025\/09\/548323717_1094514049532002_29570182999850474_n.jpg\" \/><\/a><br \/><a href=\"https:\/\/esportsmunicipalsalzira.com\/wp-content\/uploads\/2025\/09\/548262540_1094514052865335_5075027490642539932_n.jpg\"><img decoding=\"async\" class=\"wp_automatic_fb_img\" title=\"\" src=\"https:\/\/esportsmunicipalsalzira.com\/wp-content\/uploads\/2025\/09\/548262540_1094514052865335_5075027490642539932_n.jpg\" \/><\/a><br \/>\n<br \/>\n<br \/><a href=\"https:\/\/www.facebook.com\/100063537194811\/posts\/1395056089288951\">source<\/a>  <\/p>","protected":false},"excerpt":{"rendered":"<p>Marta Garc\u00eda y Mohamed Attaoui sellan su pase a la final. Ella logr\u00f3 una marca de 14:56.96 en la semifinal de los 5000m, suficiente para ganarse una plaza entre las mejores. \u00c9l domin\u00f3 su serie de 800m y accedi\u00f3 con un tiempo de 1:43.18. Source<\/p>","protected":false},"author":2,"featured_media":9496,"comment_status":"closed","ping_status":"closed","sticky":false,"template":"","format":"standard","meta":{"footnotes":""},"categories":[1],"tags":[],"class_list":["post-9495","post","type-post","status-publish","format-standard","has-post-thumbnail","hentry","category-esports-alzira"],"featured_image_src":{"landsacpe":["https:\/\/esportsmunicipalsalzira.com\/wp-content\/uploads\/2025\/09\/548323717_1094514049532002_29570182999850474_n-1140x445.jpg",1140,445,true],"list":["https:\/\/esportsmunicipalsalzira.com\/wp-content\/uploads\/2025\/09\/548323717_1094514049532002_29570182999850474_n-463x348.jpg",463,348,true],"medium":["https:\/\/esportsmunicipalsalzira.com\/wp-content\/uploads\/2025\/09\/548323717_1094514049532002_29570182999850474_n-300x200.jpg",300,200,true],"full":["https:\/\/esportsmunicipalsalzira.com\/wp-content\/uploads\/2025\/09\/548323717_1094514049532002_29570182999850474_n.jpg",2048,1365,false]},"_links":{"self":[{"href":"https:\/\/esportsmunicipalsalzira.com\/es\/wp-json\/wp\/v2\/posts\/9495","targetHints":{"allow":["GET"]}}],"collection":[{"href":"https:\/\/esportsmunicipalsalzira.com\/es\/wp-json\/wp\/v2\/posts"}],"about":[{"href":"https:\/\/esportsmunicipalsalzira.com\/es\/wp-json\/wp\/v2\/types\/post"}],"author":[{"embeddable":true,"href":"https:\/\/esportsmunicipalsalzira.com\/es\/wp-json\/wp\/v2\/users\/2"}],"replies":[{"embeddable":true,"href":"https:\/\/esportsmunicipalsalzira.com\/es\/wp-json\/wp\/v2\/comments?post=9495"}],"version-history":[{"count":0,"href":"https:\/\/esportsmunicipalsalzira.com\/es\/wp-json\/wp\/v2\/posts\/9495\/revisions"}],"wp:featuredmedia":[{"embeddable":true,"href":"https:\/\/esportsmunicipalsalzira.com\/es\/wp-json\/wp\/v2\/media\/9496"}],"wp:attachment":[{"href":"https:\/\/esportsmunicipalsalzira.com\/es\/wp-json\/wp\/v2\/media?parent=9495"}],"wp:term":[{"taxonomy":"category","embeddable":true,"href":"https:\/\/esportsmunicipalsalzira.com\/es\/wp-json\/wp\/v2\/categories?post=9495"},{"taxonomy":"post_tag","embeddable":true,"href":"https:\/\/esportsmunicipalsalzira.com\/es\/wp-json\/wp\/v2\/tags?post=9495"}],"curies":[{"name":"wp","href":"https:\/\/api.w.org\/{rel}","templated":true}]}}