{"id":9523,"date":"2025-09-25T08:34:09","date_gmt":"2025-09-25T06:34:09","guid":{"rendered":"https:\/\/esportsmunicipalsalzira.com\/la-carrera-popular-la-ribera-contra-el-cancer-tindra-lloc-a-alzira-el-proxim-18-doctubreamb-motiu-del-dia-mundial-d\/"},"modified":"2025-09-25T08:34:09","modified_gmt":"2025-09-25T06:34:09","slug":"la-carrera-popular-la-ribera-contra-el-cancer-tindra-lloc-a-alzira-el-proxim-18-doctubreamb-motiu-del-dia-mundial-d","status":"publish","type":"post","link":"https:\/\/esportsmunicipalsalzira.com\/es\/la-carrera-popular-la-ribera-contra-el-cancer-tindra-lloc-a-alzira-el-proxim-18-doctubreamb-motiu-del-dia-mundial-d\/","title":{"rendered":"La Carrera Popular &#039;La Ribera contra el C\u00e1ncer&#039; tendr\u00e1 lugar en Alzira el pr\u00f3ximo 18 de octubre Con motivo del &#039;D\u00eda Mundial de"},"content":{"rendered":"<p><br \/>\nLa Carrera Popular &#039;La Ribera contra el C\u00e1ncer&#039; tendr\u00e1 lugar en Alzira el pr\u00f3ximo 18 de octubre<br \/>\nCon motivo del &#039;D\u00eda Mundial del C\u00e1ncer de Mama&#039;<\/p>\n<p><a href=\"https:\/\/esportsmunicipalsalzira.com\/wp-content\/uploads\/2025\/09\/552917237_1209042851247443_3249367125066880249_n.jpg\"><img decoding=\"async\" class=\"wp_automatic_fb_img\" title=\"\" src=\"https:\/\/esportsmunicipalsalzira.com\/wp-content\/uploads\/2025\/09\/552917237_1209042851247443_3249367125066880249_n.jpg\" \/><\/a><br \/>\n<br \/>\n<br \/><a href=\"https:\/\/www.facebook.com\/100063537194811\/posts\/1400926788701881\">source<\/a>  <\/p>","protected":false},"excerpt":{"rendered":"<p>La Carrera Popular \u2018La Ribera contra el C\u00e0ncer\u2019 tindr\u00e0 lloc a Alzira el pr\u00f2xim 18 d&#8217;octubre Amb motiu del \u2018Dia Mundial del C\u00e0ncer de Mama\u2019 Source<\/p>","protected":false},"author":2,"featured_media":9524,"comment_status":"closed","ping_status":"closed","sticky":false,"template":"","format":"standard","meta":{"footnotes":""},"categories":[1],"tags":[],"class_list":["post-9523","post","type-post","status-publish","format-standard","has-post-thumbnail","hentry","category-esports-alzira"],"featured_image_src":{"landsacpe":["https:\/\/esportsmunicipalsalzira.com\/wp-content\/uploads\/2025\/09\/552917237_1209042851247443_3249367125066880249_n-640x445.jpg",640,445,true],"list":["https:\/\/esportsmunicipalsalzira.com\/wp-content\/uploads\/2025\/09\/552917237_1209042851247443_3249367125066880249_n-463x348.jpg",463,348,true],"medium":["https:\/\/esportsmunicipalsalzira.com\/wp-content\/uploads\/2025\/09\/552917237_1209042851247443_3249367125066880249_n-300x225.jpg",300,225,true],"full":["https:\/\/esportsmunicipalsalzira.com\/wp-content\/uploads\/2025\/09\/552917237_1209042851247443_3249367125066880249_n.jpg",640,480,false]},"_links":{"self":[{"href":"https:\/\/esportsmunicipalsalzira.com\/es\/wp-json\/wp\/v2\/posts\/9523","targetHints":{"allow":["GET"]}}],"collection":[{"href":"https:\/\/esportsmunicipalsalzira.com\/es\/wp-json\/wp\/v2\/posts"}],"about":[{"href":"https:\/\/esportsmunicipalsalzira.com\/es\/wp-json\/wp\/v2\/types\/post"}],"author":[{"embeddable":true,"href":"https:\/\/esportsmunicipalsalzira.com\/es\/wp-json\/wp\/v2\/users\/2"}],"replies":[{"embeddable":true,"href":"https:\/\/esportsmunicipalsalzira.com\/es\/wp-json\/wp\/v2\/comments?post=9523"}],"version-history":[{"count":0,"href":"https:\/\/esportsmunicipalsalzira.com\/es\/wp-json\/wp\/v2\/posts\/9523\/revisions"}],"wp:featuredmedia":[{"embeddable":true,"href":"https:\/\/esportsmunicipalsalzira.com\/es\/wp-json\/wp\/v2\/media\/9524"}],"wp:attachment":[{"href":"https:\/\/esportsmunicipalsalzira.com\/es\/wp-json\/wp\/v2\/media?parent=9523"}],"wp:term":[{"taxonomy":"category","embeddable":true,"href":"https:\/\/esportsmunicipalsalzira.com\/es\/wp-json\/wp\/v2\/categories?post=9523"},{"taxonomy":"post_tag","embeddable":true,"href":"https:\/\/esportsmunicipalsalzira.com\/es\/wp-json\/wp\/v2\/tags?post=9523"}],"curies":[{"name":"wp","href":"https:\/\/api.w.org\/{rel}","templated":true}]}}