{"id":9525,"date":"2025-09-24T19:53:48","date_gmt":"2025-09-24T17:53:48","guid":{"rendered":"https:\/\/esportsmunicipalsalzira.com\/nuestra-casa-ya-sabeis-que-es-vuestra-casa-los-infantiles-juniors-y-mayores-del-trencaonesalzira-se-estuvieron-pre\/"},"modified":"2025-09-24T19:53:48","modified_gmt":"2025-09-24T17:53:48","slug":"nuestra-casa-ya-sabeis-que-es-vuestra-casa-los-infantiles-juniors-y-mayores-del-trencaonesalzira-se-estuvieron-pre","status":"publish","type":"post","link":"https:\/\/esportsmunicipalsalzira.com\/es\/nuestra-casa-ya-sabeis-que-es-vuestra-casa-los-infantiles-juniors-y-mayores-del-trencaonesalzira-se-estuvieron-pre\/","title":{"rendered":"Nuestra casa ya sabe que es su casa. Los infantiles, juniors y mayores del @trencaonesalzira se extendieron"},"content":{"rendered":"<p><br \/>\n\ud83e\udd29 Nuestra casa ya sabe que es su casa.<\/p>\n<p>\u2764\ufe0f Los infantiles, juniors y mayores del @trencaonesalzira se estuvieron preparando en nuestras instalaciones para las competiciones que pronto llegar\u00e1n. <\/p>\n<p>\ud83e\udef5 Aqu\u00ed vemos mucho potencial deportivo para un futuro prometedor, as\u00ed que \u00a1muchos \u00e9xitos para todos!<\/p>\n<p>\ud83d\udcbb www.femesport.es<\/p>\n<p>#Trencaones #Nataci\u00f3n #Alzira #FemDeporte #Entrenamiento #Preparaci\u00f3nF\u00edsica #Entrenamiento #Grupal #Personal #Exclusivo #Adaptado #Fuerza 1TP<\/p>\n<p><a href=\"https:\/\/esportsmunicipalsalzira.com\/wp-content\/uploads\/2025\/09\/552235142_18376563799195191_8741441290443838418_n.webp\"><img decoding=\"async\" class=\"wp_automatic_fb_img\" title=\"\" src=\"https:\/\/esportsmunicipalsalzira.com\/wp-content\/uploads\/2025\/09\/552235142_18376563799195191_8741441290443838418_n.webp\" \/><\/a><br \/>\n<br \/>\n<br \/><a href=\"https:\/\/www.facebook.com\/100063537194811\/posts\/1400927692035124\">source<\/a>  <\/p>","protected":false},"excerpt":{"rendered":"<p>\ud83e\udd29 Nuestra casa ya sab\u00e9is que es vuestra casa. \u2764\ufe0f Los infantiles, juniors y mayores del @trencaonesalzira se estuvieron preparando en nuestras instalaciones para las competiciones que pronto llegar\u00e1n. \ud83e\udef5 Ah\u00ed vemos mucho potencial deportivo para un futuro prometedor, as\u00ed que \u00a1muchos \u00e9xitos para tod@s! \ud83d\udcbb www.femesport.es #Trencaones #Nataci\u00f3n #Alzira #FemEsport #Entrenamiento #Preparaci\u00f3nF\u00edsica #Entrenamiento #Grupal [&hellip;]<\/p>\n","protected":false},"author":2,"featured_media":9526,"comment_status":"closed","ping_status":"closed","sticky":false,"template":"","format":"standard","meta":{"footnotes":""},"categories":[1],"tags":[],"class_list":["post-9525","post","type-post","status-publish","format-standard","has-post-thumbnail","hentry","category-esports-alzira"],"featured_image_src":{"landsacpe":["https:\/\/esportsmunicipalsalzira.com\/wp-content\/uploads\/2025\/09\/552235142_18376563799195191_8741441290443838418_n.webp-1080x445.jpeg",1080,445,true],"list":["https:\/\/esportsmunicipalsalzira.com\/wp-content\/uploads\/2025\/09\/552235142_18376563799195191_8741441290443838418_n.webp-463x348.jpeg",463,348,true],"medium":["https:\/\/esportsmunicipalsalzira.com\/wp-content\/uploads\/2025\/09\/552235142_18376563799195191_8741441290443838418_n.webp-300x246.jpeg",300,246,true],"full":["https:\/\/esportsmunicipalsalzira.com\/wp-content\/uploads\/2025\/09\/552235142_18376563799195191_8741441290443838418_n.webp.jpeg",1080,885,false]},"_links":{"self":[{"href":"https:\/\/esportsmunicipalsalzira.com\/es\/wp-json\/wp\/v2\/posts\/9525","targetHints":{"allow":["GET"]}}],"collection":[{"href":"https:\/\/esportsmunicipalsalzira.com\/es\/wp-json\/wp\/v2\/posts"}],"about":[{"href":"https:\/\/esportsmunicipalsalzira.com\/es\/wp-json\/wp\/v2\/types\/post"}],"author":[{"embeddable":true,"href":"https:\/\/esportsmunicipalsalzira.com\/es\/wp-json\/wp\/v2\/users\/2"}],"replies":[{"embeddable":true,"href":"https:\/\/esportsmunicipalsalzira.com\/es\/wp-json\/wp\/v2\/comments?post=9525"}],"version-history":[{"count":0,"href":"https:\/\/esportsmunicipalsalzira.com\/es\/wp-json\/wp\/v2\/posts\/9525\/revisions"}],"wp:featuredmedia":[{"embeddable":true,"href":"https:\/\/esportsmunicipalsalzira.com\/es\/wp-json\/wp\/v2\/media\/9526"}],"wp:attachment":[{"href":"https:\/\/esportsmunicipalsalzira.com\/es\/wp-json\/wp\/v2\/media?parent=9525"}],"wp:term":[{"taxonomy":"category","embeddable":true,"href":"https:\/\/esportsmunicipalsalzira.com\/es\/wp-json\/wp\/v2\/categories?post=9525"},{"taxonomy":"post_tag","embeddable":true,"href":"https:\/\/esportsmunicipalsalzira.com\/es\/wp-json\/wp\/v2\/tags?post=9525"}],"curies":[{"name":"wp","href":"https:\/\/api.w.org\/{rel}","templated":true}]}}