{"id":9533,"date":"2025-09-26T10:39:58","date_gmt":"2025-09-26T08:39:58","guid":{"rendered":"https:\/\/esportsmunicipalsalzira.com\/magarinos-ha-acogido-el-primer-all-star-de-la-inclusion-esta-iniciativa-de-la-fundacion-sanitas-que-busca-eliminar-l\/"},"modified":"2025-09-26T10:39:58","modified_gmt":"2025-09-26T08:39:58","slug":"magarinos-ha-acogido-el-primer-all-star-de-la-inclusion-esta-iniciativa-de-la-fundacion-sanitas-que-busca-eliminar-l","status":"publish","type":"post","link":"https:\/\/esportsmunicipalsalzira.com\/es\/magarinos-ha-acogido-el-primer-all-star-de-la-inclusion-esta-iniciativa-de-la-fundacion-sanitas-que-busca-eliminar-l\/","title":{"rendered":"Magari\u00f1os ha acogido el primer All Star de la Inclusi\u00f3n. Esta iniciativa de la Fundaci\u00f3n Sanitas, que busca eliminar la"},"content":{"rendered":"<p><br \/>\n\ud83c\udfc0 Magari\u00f1os ha acogido el primer All Star de la Inclusi\u00f3n.<\/p>\n<p>Esta iniciativa de la Fundaci\u00f3n Sanitas, que busca eliminar las barreras para los deportistas con discapacidad, ha contado con el apoyo institucional del Consejo Superior de Esports.<\/p>\n<p>\ud83d\udde3\ufe0f \u201cHa sido un acto muy bonito y que est\u00e9 aqu\u00ed una leyenda como Scottie Pippen lo hace \u00fanico\u201d.<\/p>\n<p>\u201c&quot;Hoy hemos revivido algo de esa magia en un contexto que, adem\u00e1s, promueve valores tan importantes como la inclusi\u00f3n&quot;, ha asegurado el presidente del CSD, Jos\u00e9 Manuel Rodr\u00edguez Uribes.<\/p>\n<p><a href=\"https:\/\/esportsmunicipalsalzira.com\/wp-content\/uploads\/2025\/09\/555821208_1100739035576170_425019679805608461_n.jpg\"><img decoding=\"async\" class=\"wp_automatic_fb_img\" title=\"\" src=\"https:\/\/esportsmunicipalsalzira.com\/wp-content\/uploads\/2025\/09\/555821208_1100739035576170_425019679805608461_n.jpg\" \/><\/a><br \/><a href=\"https:\/\/esportsmunicipalsalzira.com\/wp-content\/uploads\/2025\/09\/555534640_1100739072242833_6675583407086842263_n.jpg\"><img decoding=\"async\" class=\"wp_automatic_fb_img\" title=\"\" src=\"https:\/\/esportsmunicipalsalzira.com\/wp-content\/uploads\/2025\/09\/555534640_1100739072242833_6675583407086842263_n.jpg\" \/><\/a><br \/><a href=\"https:\/\/esportsmunicipalsalzira.com\/wp-content\/uploads\/2025\/09\/554809047_1100739048909502_4072500572083055917_n.jpg\"><img decoding=\"async\" class=\"wp_automatic_fb_img\" title=\"\" src=\"https:\/\/esportsmunicipalsalzira.com\/wp-content\/uploads\/2025\/09\/554809047_1100739048909502_4072500572083055917_n.jpg\" \/><\/a><br \/><a href=\"https:\/\/esportsmunicipalsalzira.com\/wp-content\/uploads\/2025\/09\/554093079_1100739088909498_1859154230370793633_n.jpg\"><img decoding=\"async\" class=\"wp_automatic_fb_img\" title=\"\" src=\"https:\/\/esportsmunicipalsalzira.com\/wp-content\/uploads\/2025\/09\/554093079_1100739088909498_1859154230370793633_n.jpg\" \/><\/a><br \/>\n<br \/>\n<br \/><a href=\"https:\/\/www.facebook.com\/100063537194811\/posts\/1401874998607060\">source<\/a>  <\/p>","protected":false},"excerpt":{"rendered":"<p>\ud83c\udfc0 Magari\u00f1os ha acogido el primer All Star de la Inclusi\u00f3n. Esta iniciativa de la Fundaci\u00f3n Sanitas, que busca eliminar las barreras para los deportistas con discapacidad, ha contado con el apoyo institucional del Consejo Superior de Deportes. \ud83d\udde3\ufe0f \u201cHa sido un acto muy bonito y que est\u00e9 aqu\u00ed una leyenda como Scottie Pippen lo [&hellip;]<\/p>\n","protected":false},"author":2,"featured_media":9534,"comment_status":"closed","ping_status":"closed","sticky":false,"template":"","format":"standard","meta":{"footnotes":""},"categories":[1],"tags":[],"class_list":["post-9533","post","type-post","status-publish","format-standard","has-post-thumbnail","hentry","category-esports-alzira"],"featured_image_src":{"landsacpe":["https:\/\/esportsmunicipalsalzira.com\/wp-content\/uploads\/2025\/09\/555821208_1100739035576170_425019679805608461_n-1140x445.jpg",1140,445,true],"list":["https:\/\/esportsmunicipalsalzira.com\/wp-content\/uploads\/2025\/09\/555821208_1100739035576170_425019679805608461_n-463x348.jpg",463,348,true],"medium":["https:\/\/esportsmunicipalsalzira.com\/wp-content\/uploads\/2025\/09\/555821208_1100739035576170_425019679805608461_n-300x200.jpg",300,200,true],"full":["https:\/\/esportsmunicipalsalzira.com\/wp-content\/uploads\/2025\/09\/555821208_1100739035576170_425019679805608461_n.jpg",2048,1362,false]},"_links":{"self":[{"href":"https:\/\/esportsmunicipalsalzira.com\/es\/wp-json\/wp\/v2\/posts\/9533","targetHints":{"allow":["GET"]}}],"collection":[{"href":"https:\/\/esportsmunicipalsalzira.com\/es\/wp-json\/wp\/v2\/posts"}],"about":[{"href":"https:\/\/esportsmunicipalsalzira.com\/es\/wp-json\/wp\/v2\/types\/post"}],"author":[{"embeddable":true,"href":"https:\/\/esportsmunicipalsalzira.com\/es\/wp-json\/wp\/v2\/users\/2"}],"replies":[{"embeddable":true,"href":"https:\/\/esportsmunicipalsalzira.com\/es\/wp-json\/wp\/v2\/comments?post=9533"}],"version-history":[{"count":0,"href":"https:\/\/esportsmunicipalsalzira.com\/es\/wp-json\/wp\/v2\/posts\/9533\/revisions"}],"wp:featuredmedia":[{"embeddable":true,"href":"https:\/\/esportsmunicipalsalzira.com\/es\/wp-json\/wp\/v2\/media\/9534"}],"wp:attachment":[{"href":"https:\/\/esportsmunicipalsalzira.com\/es\/wp-json\/wp\/v2\/media?parent=9533"}],"wp:term":[{"taxonomy":"category","embeddable":true,"href":"https:\/\/esportsmunicipalsalzira.com\/es\/wp-json\/wp\/v2\/categories?post=9533"},{"taxonomy":"post_tag","embeddable":true,"href":"https:\/\/esportsmunicipalsalzira.com\/es\/wp-json\/wp\/v2\/tags?post=9533"}],"curies":[{"name":"wp","href":"https:\/\/api.w.org\/{rel}","templated":true}]}}