{"id":9548,"date":"2025-09-29T07:38:29","date_gmt":"2025-09-29T05:38:29","guid":{"rendered":"https:\/\/esportsmunicipalsalzira.com\/europa-se-lleva-la-rydercup-un-exito-que-ha-contado-con-participacion-espanolajon-rahm-ha-contribuido-a-la-%f0%9d%99%91%f0%9d%99%84%f0%9d%98%be%f0%9d%99%8f%f0%9d%99%8a\/"},"modified":"2025-09-29T07:38:29","modified_gmt":"2025-09-29T05:38:29","slug":"europa-se-lleva-la-rydercup-un-exito-que-ha-contado-con-participacion-espanolajon-rahm-ha-contribuido-a-la-%f0%9d%99%91%f0%9d%99%84%f0%9d%98%be%f0%9d%99%8f%f0%9d%99%8a","status":"publish","type":"post","link":"https:\/\/esportsmunicipalsalzira.com\/es\/europa-se-lleva-la-rydercup-un-exito-que-ha-contado-con-participacion-espanolajon-rahm-ha-contribuido-a-la-%f0%9d%99%91%f0%9d%99%84%f0%9d%98%be%f0%9d%99%8f%f0%9d%99%8a\/","title":{"rendered":"Europa se quita la #RyderCup. Un \u00e9xito que ha contado con la participaci\u00f3n espa\u00f1ola: Jon Rahm ha contribuido a la \ud835\ude51\ud835\ude44\ud835\ude3e\ud835\ude4f\ud835\ude4a"},"content":{"rendered":"<p><br \/>\n\ud83c\udfc6 Europa se quita la #RyderCup.<\/p>\n<p>\ud83c\uddea\ud83c\uddf8 Un \u00e9xito que ha contado con participaci\u00f3n espa\u00f1ola:<\/p>\n<p>Jon Rahm ha contribuido a la \ud835\ude51\ud835\ude44\ud835\ude3e\ud835\ude4f\ud835\ude4a\ud835\ude4d\ud835\ude44\ud835\ude3c en Nueva York con un gran nivel.<\/p>\n<p>\u26f3\ufe0f Esta prestigiosa competici\u00f3n de golf por equipos, que se disputa cada dos a\u00f1os, volver\u00e1 a Espa\u00f1a en 2031.<\/p>\n<p><a href=\"https:\/\/esportsmunicipalsalzira.com\/wp-content\/uploads\/2025\/09\/555956894_1103083682008372_8787697823089552653_n.jpg\"><img decoding=\"async\" class=\"wp_automatic_fb_img\" title=\"\" src=\"https:\/\/esportsmunicipalsalzira.com\/wp-content\/uploads\/2025\/09\/555956894_1103083682008372_8787697823089552653_n.jpg\" \/><\/a><br \/><a href=\"https:\/\/esportsmunicipalsalzira.com\/wp-content\/uploads\/2025\/09\/555897718_1103083685341705_8637091915039772109_n.jpg\"><img decoding=\"async\" class=\"wp_automatic_fb_img\" title=\"\" src=\"https:\/\/esportsmunicipalsalzira.com\/wp-content\/uploads\/2025\/09\/555897718_1103083685341705_8637091915039772109_n.jpg\" \/><\/a><br \/><a href=\"https:\/\/esportsmunicipalsalzira.com\/wp-content\/uploads\/2025\/09\/556826430_1103083698675037_2905034646876942621_n.jpg\"><img decoding=\"async\" class=\"wp_automatic_fb_img\" title=\"\" src=\"https:\/\/esportsmunicipalsalzira.com\/wp-content\/uploads\/2025\/09\/556826430_1103083698675037_2905034646876942621_n.jpg\" \/><\/a><br \/><a href=\"https:\/\/esportsmunicipalsalzira.com\/wp-content\/uploads\/2025\/09\/555814681_1103083678675039_3950808520906214072_n.jpg\"><img decoding=\"async\" class=\"wp_automatic_fb_img\" title=\"\" src=\"https:\/\/esportsmunicipalsalzira.com\/wp-content\/uploads\/2025\/09\/555814681_1103083678675039_3950808520906214072_n.jpg\" \/><\/a><br \/><a href=\"https:\/\/esportsmunicipalsalzira.com\/wp-content\/uploads\/2025\/09\/555454292_1103083695341704_1079500146054919721_n.jpg\"><img decoding=\"async\" class=\"wp_automatic_fb_img\" title=\"\" src=\"https:\/\/esportsmunicipalsalzira.com\/wp-content\/uploads\/2025\/09\/555454292_1103083695341704_1079500146054919721_n.jpg\" \/><\/a><br \/>\n<br \/>\n<br \/><a href=\"https:\/\/www.facebook.com\/100063537194811\/posts\/1404630298331530\">source<\/a>  <\/p>","protected":false},"excerpt":{"rendered":"<p>\ud83c\udfc6 Europa se lleva la #RyderCup. \ud83c\uddea\ud83c\uddf8 Un \u00e9xito que ha contado con participaci\u00f3n espa\u00f1ola: Jon Rahm ha contribuido a la \ud835\ude51\ud835\ude44\ud835\ude3e\ud835\ude4f\ud835\ude4a\ud835\ude4d\ud835\ude44\ud835\ude3c en Nueva York con un gran nivel. \u26f3\ufe0f Esta prestigiosa competici\u00f3n de golf por equipos, que se disputa cada dos a\u00f1os, volver\u00e1 a Espa\u00f1a en 2031. Source<\/p>","protected":false},"author":2,"featured_media":9549,"comment_status":"closed","ping_status":"closed","sticky":false,"template":"","format":"standard","meta":{"footnotes":""},"categories":[1],"tags":[],"class_list":["post-9548","post","type-post","status-publish","format-standard","has-post-thumbnail","hentry","category-esports-alzira"],"featured_image_src":{"landsacpe":["https:\/\/esportsmunicipalsalzira.com\/wp-content\/uploads\/2025\/09\/555956894_1103083682008372_8787697823089552653_n-1140x445.jpg",1140,445,true],"list":["https:\/\/esportsmunicipalsalzira.com\/wp-content\/uploads\/2025\/09\/555956894_1103083682008372_8787697823089552653_n-463x348.jpg",463,348,true],"medium":["https:\/\/esportsmunicipalsalzira.com\/wp-content\/uploads\/2025\/09\/555956894_1103083682008372_8787697823089552653_n-300x188.jpg",300,188,true],"full":["https:\/\/esportsmunicipalsalzira.com\/wp-content\/uploads\/2025\/09\/555956894_1103083682008372_8787697823089552653_n.jpg",2048,1284,false]},"_links":{"self":[{"href":"https:\/\/esportsmunicipalsalzira.com\/es\/wp-json\/wp\/v2\/posts\/9548","targetHints":{"allow":["GET"]}}],"collection":[{"href":"https:\/\/esportsmunicipalsalzira.com\/es\/wp-json\/wp\/v2\/posts"}],"about":[{"href":"https:\/\/esportsmunicipalsalzira.com\/es\/wp-json\/wp\/v2\/types\/post"}],"author":[{"embeddable":true,"href":"https:\/\/esportsmunicipalsalzira.com\/es\/wp-json\/wp\/v2\/users\/2"}],"replies":[{"embeddable":true,"href":"https:\/\/esportsmunicipalsalzira.com\/es\/wp-json\/wp\/v2\/comments?post=9548"}],"version-history":[{"count":0,"href":"https:\/\/esportsmunicipalsalzira.com\/es\/wp-json\/wp\/v2\/posts\/9548\/revisions"}],"wp:featuredmedia":[{"embeddable":true,"href":"https:\/\/esportsmunicipalsalzira.com\/es\/wp-json\/wp\/v2\/media\/9549"}],"wp:attachment":[{"href":"https:\/\/esportsmunicipalsalzira.com\/es\/wp-json\/wp\/v2\/media?parent=9548"}],"wp:term":[{"taxonomy":"category","embeddable":true,"href":"https:\/\/esportsmunicipalsalzira.com\/es\/wp-json\/wp\/v2\/categories?post=9548"},{"taxonomy":"post_tag","embeddable":true,"href":"https:\/\/esportsmunicipalsalzira.com\/es\/wp-json\/wp\/v2\/tags?post=9548"}],"curies":[{"name":"wp","href":"https:\/\/api.w.org\/{rel}","templated":true}]}}