{"id":9562,"date":"2025-09-29T21:21:28","date_gmt":"2025-09-29T19:21:28","guid":{"rendered":"https:\/\/esportsmunicipalsalzira.com\/lajuntament-dalzira-ha-mantingut-la-suspensio-de-classes-per-a-dema-la-piscina-i-el-cementeri-obriran-pel-mati-mentre\/"},"modified":"2025-09-29T21:21:28","modified_gmt":"2025-09-29T19:21:28","slug":"lajuntament-dalzira-ha-mantingut-la-suspensio-de-classes-per-a-dema-la-piscina-i-el-cementeri-obriran-pel-mati-mentre","status":"publish","type":"post","link":"https:\/\/esportsmunicipalsalzira.com\/es\/lajuntament-dalzira-ha-mantingut-la-suspensio-de-classes-per-a-dema-la-piscina-i-el-cementeri-obriran-pel-mati-mentre\/","title":{"rendered":"El Ayuntamiento de Alzira mantuvo la suspensi\u00f3n de clases para ma\u00f1ana. La piscina y el cementerio abrir\u00e1n por la ma\u00f1ana mientras"},"content":{"rendered":"<p><br \/>\nEl Ayuntamiento de Alzira mantuvo la suspensi\u00f3n de clases para ma\u00f1ana. La piscina y el cementerio abrir\u00e1n por la ma\u00f1ana mientras que el resto de servicios estar\u00e1n cerrados para su revisi\u00f3n y adecuaci\u00f3n y abrir\u00e1n por la tarde.<br \/>\nLA ORA SEGUIR\u00c1 SUSPENDIDA hasta el mi\u00e9rcoles, que volver\u00e1 a estar operativa.<br \/>\nDamos predicci\u00f3n meteorol\u00f3gica de \u00faltima hora.<br \/>\nhttps:\/\/go.ivoox.com\/rf\/159606833<\/p>\n<p><a href=\"https:\/\/esportsmunicipalsalzira.com\/wp-content\/uploads\/2025\/09\/556406173_1355027169965208_1279867650692222193_n.jpg\"><img decoding=\"async\" class=\"wp_automatic_fb_img\" title=\"\" src=\"https:\/\/esportsmunicipalsalzira.com\/wp-content\/uploads\/2025\/09\/556406173_1355027169965208_1279867650692222193_n.jpg\" \/><\/a><br \/>\n<br \/>\n<br \/><a href=\"https:\/\/www.facebook.com\/100063537194811\/posts\/1405543751573518\">source<\/a>  <\/p>","protected":false},"excerpt":{"rendered":"<p>L&#8217;Ajuntament d&#8217;Alzira ha mantingut la suspensi\u00f3 de classes per a dem\u00e0. La piscina i el cementeri obriran pel mat\u00ed mentre que la resta de serveis estaran tancats per a la seua revisi\u00f3 i adequaci\u00f3 i obriran per la vesprada. L&#8217;ORA SEGUIR\u00c0 SUSPESA fins dimecres, que tornar\u00e0 a estar operativa. Donem predicci\u00f3 meteorol\u00f2gica d&#8217;\u00faltima hora. https:\/\/go.ivoox.com\/rf\/159606833 [&hellip;]<\/p>\n","protected":false},"author":2,"featured_media":9563,"comment_status":"closed","ping_status":"closed","sticky":false,"template":"","format":"standard","meta":{"footnotes":""},"categories":[1],"tags":[],"class_list":["post-9562","post","type-post","status-publish","format-standard","has-post-thumbnail","hentry","category-esports-alzira"],"featured_image_src":{"landsacpe":["https:\/\/esportsmunicipalsalzira.com\/wp-content\/uploads\/2025\/09\/556406173_1355027169965208_1279867650692222193_n-1140x445.jpg",1140,445,true],"list":["https:\/\/esportsmunicipalsalzira.com\/wp-content\/uploads\/2025\/09\/556406173_1355027169965208_1279867650692222193_n-463x348.jpg",463,348,true],"medium":["https:\/\/esportsmunicipalsalzira.com\/wp-content\/uploads\/2025\/09\/556406173_1355027169965208_1279867650692222193_n-300x157.jpg",300,157,true],"full":["https:\/\/esportsmunicipalsalzira.com\/wp-content\/uploads\/2025\/09\/556406173_1355027169965208_1279867650692222193_n.jpg",1512,792,false]},"_links":{"self":[{"href":"https:\/\/esportsmunicipalsalzira.com\/es\/wp-json\/wp\/v2\/posts\/9562","targetHints":{"allow":["GET"]}}],"collection":[{"href":"https:\/\/esportsmunicipalsalzira.com\/es\/wp-json\/wp\/v2\/posts"}],"about":[{"href":"https:\/\/esportsmunicipalsalzira.com\/es\/wp-json\/wp\/v2\/types\/post"}],"author":[{"embeddable":true,"href":"https:\/\/esportsmunicipalsalzira.com\/es\/wp-json\/wp\/v2\/users\/2"}],"replies":[{"embeddable":true,"href":"https:\/\/esportsmunicipalsalzira.com\/es\/wp-json\/wp\/v2\/comments?post=9562"}],"version-history":[{"count":0,"href":"https:\/\/esportsmunicipalsalzira.com\/es\/wp-json\/wp\/v2\/posts\/9562\/revisions"}],"wp:featuredmedia":[{"embeddable":true,"href":"https:\/\/esportsmunicipalsalzira.com\/es\/wp-json\/wp\/v2\/media\/9563"}],"wp:attachment":[{"href":"https:\/\/esportsmunicipalsalzira.com\/es\/wp-json\/wp\/v2\/media?parent=9562"}],"wp:term":[{"taxonomy":"category","embeddable":true,"href":"https:\/\/esportsmunicipalsalzira.com\/es\/wp-json\/wp\/v2\/categories?post=9562"},{"taxonomy":"post_tag","embeddable":true,"href":"https:\/\/esportsmunicipalsalzira.com\/es\/wp-json\/wp\/v2\/tags?post=9562"}],"curies":[{"name":"wp","href":"https:\/\/api.w.org\/{rel}","templated":true}]}}