{"id":9651,"date":"2025-10-15T15:52:34","date_gmt":"2025-10-15T13:52:34","guid":{"rendered":"https:\/\/esportsmunicipalsalzira.com\/la-regidoria-desports-obri-el-termini-fins-al-20-doctubre-per-a-presentar-candidatura-als-premis-del-merit-esportiu-e\/"},"modified":"2025-10-15T15:52:34","modified_gmt":"2025-10-15T13:52:34","slug":"la-regidoria-desports-obri-el-termini-fins-al-20-doctubre-per-a-presentar-candidatura-als-premis-del-merit-esportiu-e","status":"publish","type":"post","link":"https:\/\/esportsmunicipalsalzira.com\/es\/la-regidoria-desports-obri-el-termini-fins-al-20-doctubre-per-a-presentar-candidatura-als-premis-del-merit-esportiu-e\/","title":{"rendered":"La concejal\u00eda de Deportes abre el plazo hasta el 20 de octubre para presentar candidatura a los premios del m\u00e9rito deportivo. E"},"content":{"rendered":"<p><br \/>\nLa concejal\u00eda de Deportes abre el plazo hasta el 20 de octubre para presentar candidatura a los premios del m\u00e9rito deportivo. Los premios se otorgar\u00e1n en la pr\u00f3xima gala del Deporte en noviembre. <\/p>\n<p>\ud83d\udcf7 Gala del deporte 2024. Premio Isla del J\u00facar.<br \/>\n\u25b6\ufe0fClica por +info y esc\u00fachanos en la web de Alzira R\u00e0dio<br \/>\nhttps:\/\/alziraradio.com\/la-regidoria-desports-obri-el&#8230;\/<\/p>\n<p><a href=\"https:\/\/esportsmunicipalsalzira.com\/wp-content\/uploads\/2025\/10\/562356124_1370780091723249_3337946476885459413_n.jpg\"><img decoding=\"async\" class=\"wp_automatic_fb_img\" title=\"\" src=\"https:\/\/esportsmunicipalsalzira.com\/wp-content\/uploads\/2025\/10\/562356124_1370780091723249_3337946476885459413_n.jpg\" \/><\/a><br \/>\n<br \/>\n<br \/><a href=\"https:\/\/www.facebook.com\/100063537194811\/posts\/1421769816617578\">source<\/a>  <\/p>","protected":false},"excerpt":{"rendered":"<p>La regidoria d\u2019Esports obri el termini fins al 20 d\u2019octubre per a presentar candidatura als premis del m\u00e8rit esportiu. Els premis s&#8217;atorgaran en la pr\u00f2xima gala de l&#8217;Esport en novembre. \ud83d\udcf7 Gala de l&#8217;esport 2024. Premi Illa del X\u00faquer. \u25b6\ufe0fClica per +info i escolta&#8217;ns al web d&#8217;Alzira R\u00e0dio https:\/\/alziraradio.com\/la-regidoria-desports-obri-el&#8230;\/ Source<\/p>","protected":false},"author":2,"featured_media":9652,"comment_status":"closed","ping_status":"closed","sticky":false,"template":"","format":"standard","meta":{"footnotes":""},"categories":[1],"tags":[],"class_list":["post-9651","post","type-post","status-publish","format-standard","has-post-thumbnail","hentry","category-esports-alzira"],"featured_image_src":{"landsacpe":["https:\/\/esportsmunicipalsalzira.com\/wp-content\/uploads\/2025\/10\/562356124_1370780091723249_3337946476885459413_n-1140x445.jpg",1140,445,true],"list":["https:\/\/esportsmunicipalsalzira.com\/wp-content\/uploads\/2025\/10\/562356124_1370780091723249_3337946476885459413_n-463x348.jpg",463,348,true],"medium":["https:\/\/esportsmunicipalsalzira.com\/wp-content\/uploads\/2025\/10\/562356124_1370780091723249_3337946476885459413_n-300x157.jpg",300,157,true],"full":["https:\/\/esportsmunicipalsalzira.com\/wp-content\/uploads\/2025\/10\/562356124_1370780091723249_3337946476885459413_n.jpg",2048,1073,false]},"_links":{"self":[{"href":"https:\/\/esportsmunicipalsalzira.com\/es\/wp-json\/wp\/v2\/posts\/9651","targetHints":{"allow":["GET"]}}],"collection":[{"href":"https:\/\/esportsmunicipalsalzira.com\/es\/wp-json\/wp\/v2\/posts"}],"about":[{"href":"https:\/\/esportsmunicipalsalzira.com\/es\/wp-json\/wp\/v2\/types\/post"}],"author":[{"embeddable":true,"href":"https:\/\/esportsmunicipalsalzira.com\/es\/wp-json\/wp\/v2\/users\/2"}],"replies":[{"embeddable":true,"href":"https:\/\/esportsmunicipalsalzira.com\/es\/wp-json\/wp\/v2\/comments?post=9651"}],"version-history":[{"count":0,"href":"https:\/\/esportsmunicipalsalzira.com\/es\/wp-json\/wp\/v2\/posts\/9651\/revisions"}],"wp:featuredmedia":[{"embeddable":true,"href":"https:\/\/esportsmunicipalsalzira.com\/es\/wp-json\/wp\/v2\/media\/9652"}],"wp:attachment":[{"href":"https:\/\/esportsmunicipalsalzira.com\/es\/wp-json\/wp\/v2\/media?parent=9651"}],"wp:term":[{"taxonomy":"category","embeddable":true,"href":"https:\/\/esportsmunicipalsalzira.com\/es\/wp-json\/wp\/v2\/categories?post=9651"},{"taxonomy":"post_tag","embeddable":true,"href":"https:\/\/esportsmunicipalsalzira.com\/es\/wp-json\/wp\/v2\/tags?post=9651"}],"curies":[{"name":"wp","href":"https:\/\/api.w.org\/{rel}","templated":true}]}}