{"id":9732,"date":"2025-10-28T18:28:15","date_gmt":"2025-10-28T17:28:15","guid":{"rendered":"https:\/\/esportsmunicipalsalzira.com\/el-club-de-gimnasia-ritmica-la-murta-ciutat-dalzira-logra-el-pase-al-campeonato-de-espana%c2%b7-la-gimnasta-alzirena\/"},"modified":"2025-10-28T18:28:15","modified_gmt":"2025-10-28T17:28:15","slug":"el-club-de-gimnasia-ritmica-la-murta-ciutat-dalzira-logra-el-pase-al-campeonato-de-espana%c2%b7-la-gimnasta-alzirena","status":"publish","type":"post","link":"https:\/\/esportsmunicipalsalzira.com\/es\/el-club-de-gimnasia-ritmica-la-murta-ciutat-dalzira-logra-el-pase-al-campeonato-de-espana%c2%b7-la-gimnasta-alzirena\/","title":{"rendered":"El Club de Gimnasia R\u00edtmica La Murta Ciudad de Alzira logra el pase al campeonato de Espa\u00f1a \u00b7 La gimnasta alzire\u00f1a"},"content":{"rendered":"<p><br \/>\nEl Club de Gimnasia R\u00edtmica La Murta Ciudad de Alzira logra el pase al campeonato de Espa\u00f1a<\/p>\n<p>\u00b7 La gimnasta alzire\u00f1a Nora Benedito logra su clasificaci\u00f3n para la Fase Nacional que se celebrar\u00e1 en Madrid los d\u00edas 29 y 30 de noviembre<\/p>\n<p>\u00b7 Solo cinco gimnastas de toda la Comunidad Valenciana han conseguido el pase al campeonato nacional en la modalidad benjam\u00edn, entre ellas la representante de Alzira<\/p>\n<p> Alzira, 28 de octubre de 2025<\/p>\n<p>La ciudad de Alzira contar\u00e1 con representaci\u00f3n en el pr\u00f3ximo Campeonato de Espa\u00f1a de Gimnasia R\u00edtmica gracias a la clasificaci\u00f3n obtenida por la gimnasta Nora Benedito, del Club Gimnasia R\u00edtmica La Murta Ciudad de Alzira. La deportista alzire\u00f1a, de 9 a\u00f1os de edad, ha conseguido su plaza para la Fase Nacional, que se celebrar\u00e1 en Madrid los d\u00edas 29 y 30 de noviembre.<\/p>\n<p>El pasado fin de semana, Nora Benedito y Aitana Juli\u00e1n del Club CGR La Murta, participaron en la Fase Auton\u00f3mica, disputada en Burjassot, una competici\u00f3n de alto nivel en la que \u00fanicamente cinco gimnastas consiguieron la clasificaci\u00f3n para el campeonato nacional. Ambas deportistas mostraron una destacada actitud, esfuerzo y compromiso durante su participaci\u00f3n, representando como orgullo al club ya la ciudad de Alzira.<\/p>\n<p>Previamente, las gimnastas hab\u00edan tomado parte en la Fase Provincial clasificatoria, celebrada el 19 de octubre en J\u00e1vea, en la que s\u00f3lo las diez mejores puntuaciones obten\u00edan el pase a la siguiente fase. En esa jornada, tanto Nora como Aitana lograron clasificarse tras una excelente actuaci\u00f3n.<\/p>\n<p>Desde el Club Gimnasia R\u00edtmica La Murta Ciudad de Alzira se ha expresado una gran satisfacci\u00f3n por este logro, resultado del esfuerzo continuado de las gimnastas y del equipo t\u00e9cnico. &quot;Para nuestro club es un motivo de orgullo volver a estar representados en el campeonato nacional. Nora y Aitana son ejemplo de constancia, trabajo y superaci\u00f3n&quot;, han se\u00f1alado desde la entidad.<\/p>\n<p>La ciudad de Alzira volver\u00e1 as\u00ed a estar presente en un campeonato de \u00e1mbito nacional, consolidando el buen momento que vive la gimnasia r\u00edtmica local y reforzando el compromiso con el deporte base y la promoci\u00f3n del talento joven<\/p>\n<p><a href=\"https:\/\/esportsmunicipalsalzira.com\/wp-content\/uploads\/2025\/10\/572785204_1570955511276283_6177755890986379208_n.jpg\"><img decoding=\"async\" class=\"wp_automatic_fb_img\" title=\"\" src=\"https:\/\/esportsmunicipalsalzira.com\/wp-content\/uploads\/2025\/10\/572785204_1570955511276283_6177755890986379208_n.jpg\" \/><\/a><br \/>\n<br \/>\n<br \/><a href=\"https:\/\/www.facebook.com\/100063537194811\/posts\/1434944201966806\">source<\/a>  <\/p>","protected":false},"excerpt":{"rendered":"<p>El Club de Gimnasia R\u00edtmica La Murta Ciutat d\u00b4Alzira logra el pase al campeonato de Espa\u00f1a \u00b7 La gimnasta alzire\u00f1a Nora Benedito logra su clasificaci\u00f3n para la Fase Nacional que se celebrar\u00e1 en Madrid los d\u00edas 29 y 30 de noviembre \u00b7 Solo cinco gimnastas de toda la Comunitat Valenciana han conseguido el pase al [&hellip;]<\/p>\n","protected":false},"author":2,"featured_media":9733,"comment_status":"closed","ping_status":"closed","sticky":false,"template":"","format":"standard","meta":{"footnotes":""},"categories":[1],"tags":[],"class_list":["post-9732","post","type-post","status-publish","format-standard","has-post-thumbnail","hentry","category-esports-alzira"],"featured_image_src":{"landsacpe":["https:\/\/esportsmunicipalsalzira.com\/wp-content\/uploads\/2025\/10\/572785204_1570955511276283_6177755890986379208_n-1124x445.jpg",1124,445,true],"list":["https:\/\/esportsmunicipalsalzira.com\/wp-content\/uploads\/2025\/10\/572785204_1570955511276283_6177755890986379208_n-463x348.jpg",463,348,true],"medium":["https:\/\/esportsmunicipalsalzira.com\/wp-content\/uploads\/2025\/10\/572785204_1570955511276283_6177755890986379208_n-300x230.jpg",300,230,true],"full":["https:\/\/esportsmunicipalsalzira.com\/wp-content\/uploads\/2025\/10\/572785204_1570955511276283_6177755890986379208_n.jpg",1124,863,false]},"_links":{"self":[{"href":"https:\/\/esportsmunicipalsalzira.com\/es\/wp-json\/wp\/v2\/posts\/9732","targetHints":{"allow":["GET"]}}],"collection":[{"href":"https:\/\/esportsmunicipalsalzira.com\/es\/wp-json\/wp\/v2\/posts"}],"about":[{"href":"https:\/\/esportsmunicipalsalzira.com\/es\/wp-json\/wp\/v2\/types\/post"}],"author":[{"embeddable":true,"href":"https:\/\/esportsmunicipalsalzira.com\/es\/wp-json\/wp\/v2\/users\/2"}],"replies":[{"embeddable":true,"href":"https:\/\/esportsmunicipalsalzira.com\/es\/wp-json\/wp\/v2\/comments?post=9732"}],"version-history":[{"count":0,"href":"https:\/\/esportsmunicipalsalzira.com\/es\/wp-json\/wp\/v2\/posts\/9732\/revisions"}],"wp:featuredmedia":[{"embeddable":true,"href":"https:\/\/esportsmunicipalsalzira.com\/es\/wp-json\/wp\/v2\/media\/9733"}],"wp:attachment":[{"href":"https:\/\/esportsmunicipalsalzira.com\/es\/wp-json\/wp\/v2\/media?parent=9732"}],"wp:term":[{"taxonomy":"category","embeddable":true,"href":"https:\/\/esportsmunicipalsalzira.com\/es\/wp-json\/wp\/v2\/categories?post=9732"},{"taxonomy":"post_tag","embeddable":true,"href":"https:\/\/esportsmunicipalsalzira.com\/es\/wp-json\/wp\/v2\/tags?post=9732"}],"curies":[{"name":"wp","href":"https:\/\/api.w.org\/{rel}","templated":true}]}}