{"id":9734,"date":"2025-10-30T08:58:26","date_gmt":"2025-10-30T07:58:26","guid":{"rendered":"https:\/\/esportsmunicipalsalzira.com\/programa-esport-al-carrer-dalziraalzira-fomenta-lactivitat-fisica-als-barrisamb-el-programa-esport-al-carrerla-regi\/"},"modified":"2025-10-30T08:58:26","modified_gmt":"2025-10-30T07:58:26","slug":"programa-esport-al-carrer-dalziraalzira-fomenta-lactivitat-fisica-als-barrisamb-el-programa-esport-al-carrerla-regi","status":"publish","type":"post","link":"https:\/\/esportsmunicipalsalzira.com\/es\/programa-esport-al-carrer-dalziraalzira-fomenta-lactivitat-fisica-als-barrisamb-el-programa-esport-al-carrerla-regi\/","title":{"rendered":"Programa Deporte en la Calle de Alzira Alzira fomenta la actividad f\u00edsica en los barrios Con el programa Deporte en la Calle La Regi"},"content":{"rendered":"<p><br \/>\nPrograma Deporte en la Calle de Alzira<br \/>\nAlzira fomenta la actividad f\u00edsica en los barrios<br \/>\nCon el programa Deporte en la Calle<br \/>\nLa Concejal\u00eda de Deportes del Ayuntamiento de Alzira presenta \u201cDeporte en la calle\u201d, un nuevo programa municipal que tiene como objetivo acercar la actividad f\u00edsica y los h\u00e1bitos saludables a toda la ciudadan\u00eda de forma gratuita y abierta a todas las edades y niveles de condici\u00f3n f\u00edsica.<br \/>\nA partir de ahora, cada domingo a las 11.00 horas, los vecinos y vecinas de Alzira podr\u00e1n disfrutar de actividades deportivas al aire libre, que se celebrar\u00e1n cada semana en un barrio diferente. Las ubicaciones y disciplinas se dar\u00e1n a conocer semanalmente a trav\u00e9s de los canales oficiales del Ajuntament.<br \/>\nEl concejal de Deportes, Vicent de la Concepci\u00f3n, ha destacado que &quot;con &#039;Deporte en la calle&#039; queremos llevar la actividad f\u00edsica a todos los rincones de Alzira, romper barreras y ofrecer un espacio de convivencia saludable para toda la ciudadan\u00eda. El deporte es salud, es bienestar y es tambi\u00e9n una manera de hacer comunidad&quot;.<br \/>\nEl programa incluir\u00e1 propuestas variadas como sesiones de fitness, yoga, zumba, gimnasia suave o actividades familiares, todas dirigidas por monitores y monitoras titulados, con el objetivo de promover una vida activa y saludable de una forma accesible y divertida.<br \/>\n\u201c&quot;Con esta iniciativa ofrecemos un nuevo servicio p\u00fablico que fomenta la salud y el bienestar de las personas, a la vez que impulsa la convivencia y la vida en nuestros barrios&quot;, ha concluido el concejal.<br \/>\nEl programa comienza este domingo 2 de noviembre con una clase de zumba en la plaza Cartonatges.<\/p>\n<p><a href=\"https:\/\/esportsmunicipalsalzira.com\/wp-content\/uploads\/2025\/10\/571231883_1435842935210266_7810696586968739770_n.jpg\"><img decoding=\"async\" class=\"wp_automatic_fb_img\" title=\"\" src=\"https:\/\/esportsmunicipalsalzira.com\/wp-content\/uploads\/2025\/10\/571231883_1435842935210266_7810696586968739770_n.jpg\" \/><\/a><br \/>\n<br \/>\n<br \/><a href=\"https:\/\/www.facebook.com\/100063537194811\/posts\/1435843031876923\">source<\/a>  <\/p>","protected":false},"excerpt":{"rendered":"<p>Programa Esport al Carrer d&#8217;Alzira Alzira fomenta l\u2019activitat f\u00edsica als barris Amb el programa Esport al Carrer La Regidoria d\u2019Esports de l\u2019Ajuntament d\u2019Alzira presenta \u201cEsport al carrer\u201d, un nou programa municipal que t\u00e9 com a objectiu acostar l\u2019activitat f\u00edsica i els h\u00e0bits saludables a tota la ciutadania de manera gratu\u00efta i oberta a totes les [&hellip;]<\/p>\n","protected":false},"author":2,"featured_media":9735,"comment_status":"closed","ping_status":"closed","sticky":false,"template":"","format":"standard","meta":{"footnotes":""},"categories":[1],"tags":[],"class_list":["post-9734","post","type-post","status-publish","format-standard","has-post-thumbnail","hentry","category-esports-alzira"],"featured_image_src":{"landsacpe":["https:\/\/esportsmunicipalsalzira.com\/wp-content\/uploads\/2025\/10\/571231883_1435842935210266_7810696586968739770_n-1080x445.jpg",1080,445,true],"list":["https:\/\/esportsmunicipalsalzira.com\/wp-content\/uploads\/2025\/10\/571231883_1435842935210266_7810696586968739770_n-463x348.jpg",463,348,true],"medium":["https:\/\/esportsmunicipalsalzira.com\/wp-content\/uploads\/2025\/10\/571231883_1435842935210266_7810696586968739770_n-212x300.jpg",212,300,true],"full":["https:\/\/esportsmunicipalsalzira.com\/wp-content\/uploads\/2025\/10\/571231883_1435842935210266_7810696586968739770_n.jpg",1080,1528,false]},"_links":{"self":[{"href":"https:\/\/esportsmunicipalsalzira.com\/es\/wp-json\/wp\/v2\/posts\/9734","targetHints":{"allow":["GET"]}}],"collection":[{"href":"https:\/\/esportsmunicipalsalzira.com\/es\/wp-json\/wp\/v2\/posts"}],"about":[{"href":"https:\/\/esportsmunicipalsalzira.com\/es\/wp-json\/wp\/v2\/types\/post"}],"author":[{"embeddable":true,"href":"https:\/\/esportsmunicipalsalzira.com\/es\/wp-json\/wp\/v2\/users\/2"}],"replies":[{"embeddable":true,"href":"https:\/\/esportsmunicipalsalzira.com\/es\/wp-json\/wp\/v2\/comments?post=9734"}],"version-history":[{"count":0,"href":"https:\/\/esportsmunicipalsalzira.com\/es\/wp-json\/wp\/v2\/posts\/9734\/revisions"}],"wp:featuredmedia":[{"embeddable":true,"href":"https:\/\/esportsmunicipalsalzira.com\/es\/wp-json\/wp\/v2\/media\/9735"}],"wp:attachment":[{"href":"https:\/\/esportsmunicipalsalzira.com\/es\/wp-json\/wp\/v2\/media?parent=9734"}],"wp:term":[{"taxonomy":"category","embeddable":true,"href":"https:\/\/esportsmunicipalsalzira.com\/es\/wp-json\/wp\/v2\/categories?post=9734"},{"taxonomy":"post_tag","embeddable":true,"href":"https:\/\/esportsmunicipalsalzira.com\/es\/wp-json\/wp\/v2\/tags?post=9734"}],"curies":[{"name":"wp","href":"https:\/\/api.w.org\/{rel}","templated":true}]}}