{"id":9865,"date":"2025-11-20T06:31:34","date_gmt":"2025-11-20T05:31:34","guid":{"rendered":"https:\/\/esportsmunicipalsalzira.com\/encara-no-hem-acabat-estos-corredors-sapuntet-a-tot-si-la-21k-de-benifaio-si-la-30k-de-sagunt-pues-hi-ha-mes\/"},"modified":"2025-11-20T06:31:34","modified_gmt":"2025-11-20T05:31:34","slug":"encara-no-hem-acabat-estos-corredors-sapuntet-a-tot-si-la-21k-de-benifaio-si-la-30k-de-sagunt-pues-hi-ha-mes","status":"publish","type":"post","link":"https:\/\/esportsmunicipalsalzira.com\/es\/encara-no-hem-acabat-estos-corredors-sapuntet-a-tot-si-la-21k-de-benifaio-si-la-30k-de-sagunt-pues-hi-ha-mes\/","title":{"rendered":"A\u00fan no hemos terminado!!! estos corredores se apunta a todo!! si la 21k de Benifai\u00f3, si la 30k de Sagunto..pues hay m\u00e1s!!!"},"content":{"rendered":"<p><br \/>\nA\u00fan no hemos terminado!!! estos corredores se apunta a todo!! \ud83d\ude02\ud83d\ude09 si la 21k de Benifai\u00f3, si la 30k de Sagunto..pues hay m\u00e1s!!!\ud83e\udd14\ud83e\uddd0<\/p>\n<p>\u2705\ufe0f Nuestro corredor de monta\u00f1a Jose Manuel Huertas, hizo un excelente trail el domingo en el Marat\u00f3n de Navarr\u00e9s siendo uno de los ocho primeros, demostrando as\u00ed su estado \u00f3ptimo y las condiciones f\u00edsicas!!! \u26f0\ufe0f\ud83d\udc4f<\/p>\n<p>\u2705\ufe0f Por otra parte parte de nuestros integrantes, participaban en Valencia en su conocida carrera de long run New Balance, por los jardines del Turia, teste\u00e1ndose as\u00ed para el marat\u00f3n y demostrando que est\u00e1n donde fire \ud83d\udd25\ud83d\udc4d\ud83c\udffb<\/p>\n<p>Uno no parar este club\u2026.\ud83d\ude05\ud83c\udfc3\ud83c\udfc3\u200d\u2640\ufe0f<\/p>\n<p>SOMOS AMIGOS, SOMOS DEPORTE, SOMOS CLUB ATLETISMO RICKYSPORTEAM ALZIRA!!! \ud83d\udc9c\ud83d\udc9c\ud83d\udc9c<\/p>\n<p><a href=\"https:\/\/esportsmunicipalsalzira.com\/wp-content\/uploads\/2025\/11\/584264318_18059235341555701_564866452017787228_n.webp.jpeg\"><img decoding=\"async\" class=\"wp_automatic_fb_img\" title=\"\" src=\"https:\/\/esportsmunicipalsalzira.com\/wp-content\/uploads\/2025\/11\/584264318_18059235341555701_564866452017787228_n.webp.jpeg\" \/><\/a><br \/><a href=\"https:\/\/esportsmunicipalsalzira.com\/wp-content\/uploads\/2025\/11\/582789417_18059235350555701_6250620107707898517_n.webp.jpeg\"><img decoding=\"async\" class=\"wp_automatic_fb_img\" title=\"\" src=\"https:\/\/esportsmunicipalsalzira.com\/wp-content\/uploads\/2025\/11\/582789417_18059235350555701_6250620107707898517_n.webp.jpeg\" \/><\/a><br \/><a href=\"https:\/\/esportsmunicipalsalzira.com\/wp-content\/uploads\/2025\/11\/583808862_18059235359555701_6259978324124383550_n.webp.jpeg\"><img decoding=\"async\" class=\"wp_automatic_fb_img\" title=\"\" src=\"https:\/\/esportsmunicipalsalzira.com\/wp-content\/uploads\/2025\/11\/583808862_18059235359555701_6259978324124383550_n.webp.jpeg\" \/><\/a><br \/><a href=\"https:\/\/esportsmunicipalsalzira.com\/wp-content\/uploads\/2025\/11\/583881301_18059235368555701_1446237615370893212_n.webp.jpeg\"><img decoding=\"async\" class=\"wp_automatic_fb_img\" title=\"\" src=\"https:\/\/esportsmunicipalsalzira.com\/wp-content\/uploads\/2025\/11\/583881301_18059235368555701_1446237615370893212_n.webp.jpeg\" \/><\/a><br \/>\n<br \/>\n<br \/><a href=\"https:\/\/www.facebook.com\/100063537194811\/posts\/1455671713227388\">source<\/a>  <\/p>","protected":false},"excerpt":{"rendered":"<p>Encara no hem acabat!!! estos corredors s&#8217;apuntet a tot!! \ud83d\ude02\ud83d\ude09 si la 21k de Benifai\u00f3, si la 30k de Sagunt..pues hi ha m\u00e9s!!!\ud83e\udd14\ud83e\uddd0 \u2705\ufe0f El nostre corredor de montanya Jose Manuel Huertas, va fer un excel.lent trail el diumenge a la Marat\u00f3 de Navarr\u00e9s sent uns dels vuit primers, demostrant aix\u00ed el seu estat \u00f2ptim [&hellip;]<\/p>\n","protected":false},"author":2,"featured_media":9866,"comment_status":"closed","ping_status":"closed","sticky":false,"template":"","format":"standard","meta":{"footnotes":""},"categories":[1],"tags":[],"class_list":["post-9865","post","type-post","status-publish","format-standard","has-post-thumbnail","hentry","category-esports-alzira"],"featured_image_src":{"landsacpe":["https:\/\/esportsmunicipalsalzira.com\/wp-content\/uploads\/2025\/11\/584264318_18059235341555701_564866452017787228_n.webp-1140x445.jpeg",1140,445,true],"list":["https:\/\/esportsmunicipalsalzira.com\/wp-content\/uploads\/2025\/11\/584264318_18059235341555701_564866452017787228_n.webp-463x348.jpeg",463,348,true],"medium":["https:\/\/esportsmunicipalsalzira.com\/wp-content\/uploads\/2025\/11\/584264318_18059235341555701_564866452017787228_n.webp-300x300.jpeg",300,300,true],"full":["https:\/\/esportsmunicipalsalzira.com\/wp-content\/uploads\/2025\/11\/584264318_18059235341555701_564866452017787228_n.webp.jpeg",1440,1440,false]},"_links":{"self":[{"href":"https:\/\/esportsmunicipalsalzira.com\/es\/wp-json\/wp\/v2\/posts\/9865","targetHints":{"allow":["GET"]}}],"collection":[{"href":"https:\/\/esportsmunicipalsalzira.com\/es\/wp-json\/wp\/v2\/posts"}],"about":[{"href":"https:\/\/esportsmunicipalsalzira.com\/es\/wp-json\/wp\/v2\/types\/post"}],"author":[{"embeddable":true,"href":"https:\/\/esportsmunicipalsalzira.com\/es\/wp-json\/wp\/v2\/users\/2"}],"replies":[{"embeddable":true,"href":"https:\/\/esportsmunicipalsalzira.com\/es\/wp-json\/wp\/v2\/comments?post=9865"}],"version-history":[{"count":0,"href":"https:\/\/esportsmunicipalsalzira.com\/es\/wp-json\/wp\/v2\/posts\/9865\/revisions"}],"wp:featuredmedia":[{"embeddable":true,"href":"https:\/\/esportsmunicipalsalzira.com\/es\/wp-json\/wp\/v2\/media\/9866"}],"wp:attachment":[{"href":"https:\/\/esportsmunicipalsalzira.com\/es\/wp-json\/wp\/v2\/media?parent=9865"}],"wp:term":[{"taxonomy":"category","embeddable":true,"href":"https:\/\/esportsmunicipalsalzira.com\/es\/wp-json\/wp\/v2\/categories?post=9865"},{"taxonomy":"post_tag","embeddable":true,"href":"https:\/\/esportsmunicipalsalzira.com\/es\/wp-json\/wp\/v2\/tags?post=9865"}],"curies":[{"name":"wp","href":"https:\/\/api.w.org\/{rel}","templated":true}]}}