{"id":9873,"date":"2025-11-24T13:31:24","date_gmt":"2025-11-24T12:31:24","guid":{"rendered":"https:\/\/esportsmunicipalsalzira.com\/avis-important-degut-al-risc-taronja-dincendi-i-groc-per-vent-hui-dilluns-24-de-novembre-de-2026-procedim-al-tancam\/"},"modified":"2025-11-24T13:31:24","modified_gmt":"2025-11-24T12:31:24","slug":"avis-important-degut-al-risc-taronja-dincendi-i-groc-per-vent-hui-dilluns-24-de-novembre-de-2026-procedim-al-tancam","status":"publish","type":"post","link":"https:\/\/esportsmunicipalsalzira.com\/es\/avis-important-degut-al-risc-taronja-dincendi-i-groc-per-vent-hui-dilluns-24-de-novembre-de-2026-procedim-al-tancam\/","title":{"rendered":"AVISO IMPORTANTE Debido al riesgo naranja de incendio y amarillo por viento hoy lunes 24 de noviembre de 2026, procedemos al cierre"},"content":{"rendered":"<p><br \/>\n\ud83d\udea8 AVISO IMPORTANTE \ud83d\udea8<\/p>\n<p>Debido al riesgo naranja de incendio y amarillo por viento hoy lunes 24 de noviembre de 2026, procedemos al cierre de los centros deportivos de Venecia y Polideportivo Tulell (Ciudad Deportiva Jorge Mart\u00ednez Aspar). Recordamos que tambi\u00e9n se han cerrado los parajes naturales municipales.<\/p>\n<p>La seguridad de todos es nuestra prioridad. Le recomendamos que sea prudente y est\u00e9 atentos a las indicaciones de seguridad.<\/p>\n<p>\u00a1Gracias por su comprensi\u00f3n!<\/p>\n<p>\ud83d\udea8 AVISO IMPORTANTE \ud83d\udea8<\/p>\n<p>Debido al riesgo naranja de incendio y amarillo por viento hoy lunes 24 de noviembre de 2026, procedemos al cierre de los centros deportivos de Venecia y Polideportivo Tulell (Ciudad Deportiva Jorge Mart\u00ednez Aspar). Recordamos que tambi\u00e9n se han cerrado los parajes naturales.<\/p>\n<p>La seguridad de todos es nuestra prioridad. Os recomendamos que sea prudente y est\u00e9 atentos a las indicaciones de seguridad.<\/p>\n<p>\u00a1Gracias por su comprensi\u00f3n!<\/p>\n<p><a href=\"https:\/\/esportsmunicipalsalzira.com\/wp-content\/uploads\/2025\/11\/588030312_1253244153503654_6389437750702827967_n.jpg\"><img decoding=\"async\" class=\"wp_automatic_fb_img\" title=\"\" src=\"https:\/\/esportsmunicipalsalzira.com\/wp-content\/uploads\/2025\/11\/588030312_1253244153503654_6389437750702827967_n.jpg\" \/><\/a><br \/>\n<br \/>\n<br \/><a href=\"https:\/\/www.facebook.com\/100063537194811\/posts\/1459305079530718\">source<\/a>  <\/p>","protected":false},"excerpt":{"rendered":"<p>\ud83d\udea8 AV\u00cdS IMPORTANT \ud83d\udea8 Degut al risc taronja d&#8217;incendi i groc per vent hui dilluns 24 de novembre de 2026, procedim al tancament dels centres esportius de Ven\u00e8cia i Poliesportiu Tulell (Ciutat Esportiva Jorge Mart\u00ednez Aspar). Recordem que tamb\u00e9 s&#8217;han tancat els paratges naturals municipals. La seguretat de tots \u00e9s la nostra prioritat. Vos recomanem [&hellip;]<\/p>\n","protected":false},"author":2,"featured_media":9874,"comment_status":"closed","ping_status":"closed","sticky":false,"template":"","format":"standard","meta":{"footnotes":""},"categories":[1],"tags":[],"class_list":["post-9873","post","type-post","status-publish","format-standard","has-post-thumbnail","hentry","category-esports-alzira"],"featured_image_src":{"landsacpe":["https:\/\/esportsmunicipalsalzira.com\/wp-content\/uploads\/2025\/11\/588030312_1253244153503654_6389437750702827967_n-1080x445.jpg",1080,445,true],"list":["https:\/\/esportsmunicipalsalzira.com\/wp-content\/uploads\/2025\/11\/588030312_1253244153503654_6389437750702827967_n-463x348.jpg",463,348,true],"medium":["https:\/\/esportsmunicipalsalzira.com\/wp-content\/uploads\/2025\/11\/588030312_1253244153503654_6389437750702827967_n-240x300.jpg",240,300,true],"full":["https:\/\/esportsmunicipalsalzira.com\/wp-content\/uploads\/2025\/11\/588030312_1253244153503654_6389437750702827967_n.jpg",1080,1350,false]},"_links":{"self":[{"href":"https:\/\/esportsmunicipalsalzira.com\/es\/wp-json\/wp\/v2\/posts\/9873","targetHints":{"allow":["GET"]}}],"collection":[{"href":"https:\/\/esportsmunicipalsalzira.com\/es\/wp-json\/wp\/v2\/posts"}],"about":[{"href":"https:\/\/esportsmunicipalsalzira.com\/es\/wp-json\/wp\/v2\/types\/post"}],"author":[{"embeddable":true,"href":"https:\/\/esportsmunicipalsalzira.com\/es\/wp-json\/wp\/v2\/users\/2"}],"replies":[{"embeddable":true,"href":"https:\/\/esportsmunicipalsalzira.com\/es\/wp-json\/wp\/v2\/comments?post=9873"}],"version-history":[{"count":0,"href":"https:\/\/esportsmunicipalsalzira.com\/es\/wp-json\/wp\/v2\/posts\/9873\/revisions"}],"wp:featuredmedia":[{"embeddable":true,"href":"https:\/\/esportsmunicipalsalzira.com\/es\/wp-json\/wp\/v2\/media\/9874"}],"wp:attachment":[{"href":"https:\/\/esportsmunicipalsalzira.com\/es\/wp-json\/wp\/v2\/media?parent=9873"}],"wp:term":[{"taxonomy":"category","embeddable":true,"href":"https:\/\/esportsmunicipalsalzira.com\/es\/wp-json\/wp\/v2\/categories?post=9873"},{"taxonomy":"post_tag","embeddable":true,"href":"https:\/\/esportsmunicipalsalzira.com\/es\/wp-json\/wp\/v2\/tags?post=9873"}],"curies":[{"name":"wp","href":"https:\/\/api.w.org\/{rel}","templated":true}]}}